{"id":128499,"date":"2021-09-29T09:26:54","date_gmt":"2021-09-29T13:26:54","guid":{"rendered":"https:\/\/linitiative.ca\/International\/sidi-mohamed-salah-elkhir-elu-president-du-conseil-provincial\/"},"modified":"2021-09-29T09:26:54","modified_gmt":"2021-09-29T13:26:54","slug":"sidi-mohamed-salah-elkhir-elu-president-du-conseil-provincial","status":"publish","type":"post","link":"https:\/\/linitiative.ca\/International\/sidi-mohamed-salah-elkhir-elu-president-du-conseil-provincial\/","title":{"rendered":"Sidi Mohamed Salah Elkhir \u00e9lu pr\u00e9sident du Conseil provincial"},"content":{"rendered":"<div>\n<div style=\"margin-bottom:20px;\"><img loading=\"lazy\" decoding=\"async\" width=\"750\" height=\"430\" src=\"https:\/\/linitiative.ca\/International\/wp-content\/uploads\/sites\/23\/2021\/09\/Sidi-Mohamed-Salah-Elkhir-rehamna-conseil-prov-copier.jpg\" class=\"attachment-post-thumbnail size-post-thumbnail wp-post-image\" alt=\"\" srcset=\"https:\/\/linitiative.ca\/International\/wp-content\/uploads\/sites\/23\/2021\/09\/Sidi-Mohamed-Salah-Elkhir-rehamna-conseil-prov-copier.jpg 750w, http:\/\/www.mapmarrakech.ma\/map\/uploads\/2021\/09\/Sidi-Mohamed-Salah-Elkhir-rehamna-conseil-prov-copier-300x172.jpg 300w\" sizes=\"auto, (max-width: 750px) 100vw, 750px\"><\/div>\n<p>M. Salah Elkhir a \u00e9t\u00e9 port\u00e9 \u00e0 ce poste en obtenant 17 voix, soit la totalit\u00e9 des si\u00e8ges que compte cette instance \u00e9lue, et ce lors d\u2019une s\u00e9ance de vote tenue en pr\u00e9sence du gouverneur de la province, M. Aziz Bouignane.<\/p>\n<p>Lors de cette s\u00e9ance de vote, qui s\u2019est d\u00e9roul\u00e9e dans le respect strict des mesures pr\u00e9ventives visant \u00e0 endiguer la propagation de la pand\u00e9mie du nouveau coronavirus (Covid-19), il a \u00e9t\u00e9 \u00e9galement proc\u00e9d\u00e9 \u00e0 l\u2019\u00e9lection des trois vice-pr\u00e9sidents du Conseil, ainsi que du secr\u00e9taire de cette instance \u00e9lue et de son adjoint.<\/p>\n<p>Le PAM est arriv\u00e9 en t\u00eate des \u00e9lections des membres du Conseil provincial de Rehamna avec 263 voix, qui lui ont permis d\u2019obtenir 10 si\u00e8ges, dont 3 r\u00e9serv\u00e9s aux femmes, suivi du Rassemblement National des Ind\u00e9pendants (RNI) avec 5 si\u00e8ges (137 voix), dont 2 consacr\u00e9s aux femmes, et du Parti de l\u2019Istiqlal (PI), avec deux si\u00e8ges (47 voix), dont un r\u00e9serv\u00e9 aux femmes.<\/p>\n<p>Les membres des conseils des pr\u00e9fectures et des provinces sont \u00e9lus par un coll\u00e8ge \u00e9lectoral form\u00e9 des membres des conseils des communes relevant de la pr\u00e9fecture ou de la province concern\u00e9e, au scrutin de liste \u00e0 la repr\u00e9sentation proportionnelle suivant la r\u00e8gle du plus fort reste.<\/p>\n<p>Ces \u00e9lections se caract\u00e9risent par un ensemble de nouveaut\u00e9s apport\u00e9es par la loi organique n\u00b0 06.21, modifiant et compl\u00e9tant la loi organique n\u00b0 59.11, notamment la mise en place d\u2019un m\u00e9canisme pour garantir la repr\u00e9sentativit\u00e9 des femmes au sein de ces conseils, leur attribuant ainsi un tiers des si\u00e8ges au niveau de chaque conseil de pr\u00e9fecture ou de province, sans entraver leur droit de se porter candidates pour le compte d\u2019autres si\u00e8ges ouverts \u00e0 pied d\u2019\u00e9galit\u00e9 aux hommes et aux femmes.<\/p>\n<p>The post <a rel=\"nofollow\" href=\"http:\/\/www.mapmarrakech.ma\/fr\/sidi-mohamed-salah-elkhir-elu-president-du-conseil-provincial\/\">Sidi Mohamed Salah Elkhir \u00e9lu pr\u00e9sident du Conseil provincial<\/a> appeared first on <a rel=\"nofollow\" href=\"http:\/\/www.mapmarrakech.ma\/fr\">MapMarrakech<\/a>.<\/p>\n<\/div>\n<p>Auteur: Meriem IGASS<br \/>\n<a href=\"http:\/\/www.mapmarrakech.ma\/fr\/sidi-mohamed-salah-elkhir-elu-president-du-conseil-provincial\/\">Cliquez ici pour lire l&rsquo;article depuis sa source.<\/a><\/p>\n","protected":false},"excerpt":{"rendered":"<p>M. Salah Elkhir a \u00e9t\u00e9 port\u00e9 \u00e0 ce poste en obtenant 17 voix, soit la totalit\u00e9 des si\u00e8ges que compte cette instance \u00e9lue, et ce lors d\u2019une s\u00e9ance de vote tenue en pr\u00e9sence du gouverneur de la province, M. Aziz Bouignane. Lors de cette s\u00e9ance de vote, qui s\u2019est d\u00e9roul\u00e9e dans le respect strict des [&hellip;]<\/p>\n","protected":false},"author":1788,"featured_media":0,"comment_status":"closed","ping_status":"closed","sticky":false,"template":"","format":"standard","meta":{"fifu_image_url":"http:\/\/www.mapmarrakech.ma\/map\/uploads\/2021\/09\/Sidi-Mohamed-Salah-Elkhir-rehamna-conseil-prov-copier.jpg","fifu_image_alt":"Sidi Mohamed Salah Elkhir \u00e9lu pr\u00e9sident du Conseil provincial","footnotes":""},"categories":[54,76],"tags":[],"class_list":["post-128499","post","type-post","status-publish","format-standard","hentry","category-maroc","category-regions"],"_links":{"self":[{"href":"https:\/\/linitiative.ca\/International\/wp-json\/wp\/v2\/posts\/128499","targetHints":{"allow":["GET"]}}],"collection":[{"href":"https:\/\/linitiative.ca\/International\/wp-json\/wp\/v2\/posts"}],"about":[{"href":"https:\/\/linitiative.ca\/International\/wp-json\/wp\/v2\/types\/post"}],"author":[{"embeddable":true,"href":"https:\/\/linitiative.ca\/International\/wp-json\/wp\/v2\/users\/1788"}],"replies":[{"embeddable":true,"href":"https:\/\/linitiative.ca\/International\/wp-json\/wp\/v2\/comments?post=128499"}],"version-history":[{"count":0,"href":"https:\/\/linitiative.ca\/International\/wp-json\/wp\/v2\/posts\/128499\/revisions"}],"wp:attachment":[{"href":"https:\/\/linitiative.ca\/International\/wp-json\/wp\/v2\/media?parent=128499"}],"wp:term":[{"taxonomy":"category","embeddable":true,"href":"https:\/\/linitiative.ca\/International\/wp-json\/wp\/v2\/categories?post=128499"},{"taxonomy":"post_tag","embeddable":true,"href":"https:\/\/linitiative.ca\/International\/wp-json\/wp\/v2\/tags?post=128499"}],"curies":[{"name":"wp","href":"https:\/\/api.w.org\/{rel}","templated":true}]}}