{"id":128503,"date":"2021-09-28T19:50:24","date_gmt":"2021-09-28T23:50:24","guid":{"rendered":"https:\/\/linitiative.ca\/International\/mustafa-benchaib-elu-president-du-conseil-provincial-de-driouch\/"},"modified":"2021-09-28T19:50:24","modified_gmt":"2021-09-28T23:50:24","slug":"mustafa-benchaib-elu-president-du-conseil-provincial-de-driouch","status":"publish","type":"post","link":"https:\/\/linitiative.ca\/International\/mustafa-benchaib-elu-president-du-conseil-provincial-de-driouch\/","title":{"rendered":"Mustafa Benchaib \u00e9lu pr\u00e9sident du Conseil provincial de Driouch"},"content":{"rendered":"<div>\n<div style=\"margin-bottom:20px;\"><img loading=\"lazy\" decoding=\"async\" width=\"750\" height=\"430\" src=\"https:\/\/linitiative.ca\/International\/wp-content\/uploads\/sites\/23\/2021\/09\/LopC3A9ration-de-vote-se-poursuit-dans-lensemble-des-bureaux-Tinghir-750C397430-MAP-2-2.jpg\" class=\"attachment-post-thumbnail size-post-thumbnail wp-post-image\" alt=\"\" srcset=\"https:\/\/linitiative.ca\/International\/wp-content\/uploads\/sites\/23\/2021\/09\/LopC3A9ration-de-vote-se-poursuit-dans-lensemble-des-bureaux-Tinghir-750C397430-MAP-2-2.jpg 750w, http:\/\/www.mapoujda.ma\/map\/uploads\/2021\/09\/Lop\u00e9ration-de-vote-se-poursuit-dans-lensemble-des-bureaux-Tinghir-750\u00d7430-MAP-2-300x172.jpg 300w\" sizes=\"auto, (max-width: 750px) 100vw, 750px\"><\/div>\n<p style=\"text-align: justify;\">Mustafa Benchaib, du Parti authenticit\u00e9 et modernit\u00e9 (PAM), a \u00e9t\u00e9 \u00e9lu, mardi, pr\u00e9sident du Conseil provincial de Driouch.<\/p>\n<p style=\"text-align: justify;\">Lors de la session pl\u00e9ni\u00e8re d\u2019\u00e9lection, tenue en pr\u00e9sence des repr\u00e9sentants des autorit\u00e9s locales, M. Benchaib a obtenu les voix de 11 membres du Conseil sur un total de 15, alors que les quatre autres membres se sont absent\u00e9s.<\/p>\n<p style=\"text-align: justify;\">Cette session a aussi connu l\u2019\u00e9lection des trois vice-pr\u00e9sidents et du secr\u00e9taire du Conseil et de son adjoint.<\/p>\n<p style=\"text-align: justify;\">Dans une d\u00e9claration \u00e0 la MAP apr\u00e8s son \u00e9lection, M. Benchaib s\u2019est dit fier d\u2019\u00eatre choisi pour servir la province de Driouch et ses habitants, soulignant que l\u2019ensemble des composantes du Conseil sont appel\u00e9es \u00e0 \u0153uvrer de concert pour accompagner les programmes \u00e9conomiques et sociaux que connait la province et r\u00e9aliser les objectifs en mati\u00e8re de mise et niveau et de d\u00e9veloppement durable.<\/p>\n<p style=\"text-align: justify;\">Le PAM est arriv\u00e9 en t\u00eate des \u00e9lections des membres du Conseil provincial de Driouch, en obtenant 5 si\u00e8ges sur les 15 que compte ce Conseil.<\/p>\n<p style=\"text-align: justify;\">Le Parti de l\u2019Istiqlal (PI) est arriv\u00e9 en deuxi\u00e8me position avec 4 si\u00e8ges, suivi du Rassemblement national des ind\u00e9pendants (RNI) et du Mouvement populaire (MP) avec 3 si\u00e8ges chacun.<\/p>\n<p>L\u2019article <a rel=\"nofollow\" href=\"http:\/\/www.mapoujda.ma\/fr\/mustafa-benchaib-elu-president-du-conseil-provincial-de-driouch\/\">Mustafa Benchaib \u00e9lu pr\u00e9sident du Conseil provincial de Driouch<\/a> est apparu en premier sur <a rel=\"nofollow\" href=\"http:\/\/www.mapoujda.ma\/fr\">MapOujda<\/a>.<\/p>\n<\/div>\n<p>Auteur: Soufiane ELAHMAR<br \/>\n<a href=\"http:\/\/www.mapoujda.ma\/fr\/mustafa-benchaib-elu-president-du-conseil-provincial-de-driouch\/\">Cliquez ici pour lire l&rsquo;article depuis sa source.<\/a><\/p>\n","protected":false},"excerpt":{"rendered":"<p>Mustafa Benchaib, du Parti authenticit\u00e9 et modernit\u00e9 (PAM), a \u00e9t\u00e9 \u00e9lu, mardi, pr\u00e9sident du Conseil provincial de Driouch. Lors de la session pl\u00e9ni\u00e8re d\u2019\u00e9lection, tenue en pr\u00e9sence des repr\u00e9sentants des autorit\u00e9s locales, M. Benchaib a obtenu les voix de 11 membres du Conseil sur un total de 15, alors que les quatre autres membres se [&hellip;]<\/p>\n","protected":false},"author":1788,"featured_media":0,"comment_status":"closed","ping_status":"closed","sticky":false,"template":"","format":"standard","meta":{"fifu_image_url":"http:\/\/www.mapoujda.ma\/map\/uploads\/2021\/09\/Lop\u00e9ration-de-vote-se-poursuit-dans-lensemble-des-bureaux-Tinghir-750\u00d7430-MAP-2.jpg","fifu_image_alt":"Mustafa Benchaib \u00e9lu pr\u00e9sident du Conseil provincial de Driouch","footnotes":""},"categories":[54,76],"tags":[],"class_list":["post-128503","post","type-post","status-publish","format-standard","hentry","category-maroc","category-regions"],"_links":{"self":[{"href":"https:\/\/linitiative.ca\/International\/wp-json\/wp\/v2\/posts\/128503","targetHints":{"allow":["GET"]}}],"collection":[{"href":"https:\/\/linitiative.ca\/International\/wp-json\/wp\/v2\/posts"}],"about":[{"href":"https:\/\/linitiative.ca\/International\/wp-json\/wp\/v2\/types\/post"}],"author":[{"embeddable":true,"href":"https:\/\/linitiative.ca\/International\/wp-json\/wp\/v2\/users\/1788"}],"replies":[{"embeddable":true,"href":"https:\/\/linitiative.ca\/International\/wp-json\/wp\/v2\/comments?post=128503"}],"version-history":[{"count":0,"href":"https:\/\/linitiative.ca\/International\/wp-json\/wp\/v2\/posts\/128503\/revisions"}],"wp:attachment":[{"href":"https:\/\/linitiative.ca\/International\/wp-json\/wp\/v2\/media?parent=128503"}],"wp:term":[{"taxonomy":"category","embeddable":true,"href":"https:\/\/linitiative.ca\/International\/wp-json\/wp\/v2\/categories?post=128503"},{"taxonomy":"post_tag","embeddable":true,"href":"https:\/\/linitiative.ca\/International\/wp-json\/wp\/v2\/tags?post=128503"}],"curies":[{"name":"wp","href":"https:\/\/api.w.org\/{rel}","templated":true}]}}