{"id":128509,"date":"2021-09-29T09:54:50","date_gmt":"2021-09-29T13:54:50","guid":{"rendered":"https:\/\/linitiative.ca\/International\/lancement-de-la-plateforme-e-takwine-pour-lannee-scolaire-2021-2022\/"},"modified":"2021-09-29T09:54:50","modified_gmt":"2021-09-29T13:54:50","slug":"lancement-de-la-plateforme-e-takwine-pour-lannee-scolaire-2021-2022","status":"publish","type":"post","link":"https:\/\/linitiative.ca\/International\/lancement-de-la-plateforme-e-takwine-pour-lannee-scolaire-2021-2022\/","title":{"rendered":"Lancement de la plateforme \u00abe-takwine\u00bb pour l\u2019ann\u00e9e scolaire 2021-2022"},"content":{"rendered":"<div>\n<div style=\"margin-bottom:20px;\"><img loading=\"lazy\" decoding=\"async\" width=\"750\" height=\"430\" src=\"https:\/\/linitiative.ca\/International\/wp-content\/uploads\/sites\/23\/2021\/09\/SiC3A8ge-MinistC3A8re-de-lE28099C389ducation-Nationale-750C397430-MAP-4.jpg\" class=\"attachment-post-thumbnail size-post-thumbnail wp-post-image\" alt=\"\" srcset=\"https:\/\/linitiative.ca\/International\/wp-content\/uploads\/sites\/23\/2021\/09\/SiC3A8ge-MinistC3A8re-de-lE28099C389ducation-Nationale-750C397430-MAP-4.jpg 750w, http:\/\/www.mapoujda.ma\/map\/uploads\/2021\/01\/Si\u00e8ge-Minist\u00e8re-de-l\u2019\u00c9ducation-Nationale-750\u00d7430-MAP-300x172.jpg 300w\" sizes=\"auto, (max-width: 750px) 100vw, 750px\"><\/div>\n<p style=\"text-align: justify;\">Un dispositif de cours en ligne destin\u00e9s \u00e0 l\u2019autoformation continue des cadres p\u00e9dagogiques et administratifs au titre de l\u2019ann\u00e9e 2021-2022 a \u00e9t\u00e9 lanc\u00e9 sur la plateforme virtuelle \u00ab\u00a0e-takwine\u00a0\u00bb, par le minist\u00e8re de l\u2019\u00c9ducation nationale, de la formation professionnelle, de l\u2019enseignement sup\u00e9rieur et de la recherche scientifique.<\/p>\n<p style=\"text-align: justify;\">Ce dispositif, lanc\u00e9 en collaboration avec le Millenium Challenge Account au niveau des \u00e9tablissements d\u2019enseignement secondaire, des directions provinciales, des acad\u00e9mies r\u00e9gionales d\u2019\u00e9ducation et de formation (AREF) et des centres r\u00e9gionaux des m\u00e9tiers d\u2019\u00e9ducation et de formation ainsi qu\u2019au plan central, s\u2019inscrit dans la mise en \u0153uvre de la strat\u00e9gie de la formation continue au profit des cadres \u00e9ducatifs et administratifs, indique le minist\u00e8re dans un communiqu\u00e9.<\/p>\n<p style=\"text-align: justify;\">Il a \u00e9t\u00e9 \u00e9galement mis en place dans le cadre de la mise en \u0153uvre du mod\u00e8le \u00ab\u00a0Lyc\u00e9e Attahadi\u00a0\u00bb, principale composante du projet \u00ab\u00a0\u00c9ducation secondaire\u00a0\u00bb lequel fait partie du programme de coop\u00e9ration \u00ab\u00a0Compact II\u00a0\u00bb conclu entre le Royaume du Maroc et le gouvernement des \u00c9tats-Unis.<\/p>\n<p style=\"text-align: justify;\">Le programme \u00e9labor\u00e9 en collaboration entre le Millenium Challenge Account, d\u2019une part, et le Centre national des innovations p\u00e9dagogiques et de l\u2019exp\u00e9rimentation, l\u2019unit\u00e9 centrale de la formation des cadres, les AREF et les centres r\u00e9gionaux des m\u00e9tiers d\u2019\u00e9ducation et de formation, d\u2019autre part, s\u2019articule autour de 26 modules r\u00e9partis en trois principales th\u00e9matiques : p\u00e9dagogie et didactique, management et modules transversaux.<\/p>\n<p style=\"text-align: justify;\">Les personnes int\u00e9ress\u00e9es sont invit\u00e9es \u00e0 s\u2019inscrire sur la plateforme : e-takwine-tanmia.men.gov.ma, souligne le communiqu\u00e9, relevant que les \u00e9tablissements scolaires concern\u00e9s b\u00e9n\u00e9ficieront du soutien n\u00e9cessaire pour mener \u00e0 bien leur approche p\u00e9dagogique centr\u00e9e sur l\u2019\u00e9l\u00e8ve.<\/p>\n<p>L\u2019article <a rel=\"nofollow\" href=\"http:\/\/www.mapoujda.ma\/fr\/lancement-la-plateforme-e-takwine-pour-lannee-scolaire-2021-2022\/\">Lancement de la plateforme \u00abe-takwine\u00bb pour l\u2019ann\u00e9e scolaire 2021-2022<\/a> est apparu en premier sur <a rel=\"nofollow\" href=\"http:\/\/www.mapoujda.ma\/fr\">MapOujda<\/a>.<\/p>\n<\/div>\n<p>Auteur: Soufiane ELAHMAR<br \/>\n<a href=\"http:\/\/www.mapoujda.ma\/fr\/lancement-la-plateforme-e-takwine-pour-lannee-scolaire-2021-2022\/\">Cliquez ici pour lire l&rsquo;article depuis sa source.<\/a><\/p>\n","protected":false},"excerpt":{"rendered":"<p>Un dispositif de cours en ligne destin\u00e9s \u00e0 l\u2019autoformation continue des cadres p\u00e9dagogiques et administratifs au titre de l\u2019ann\u00e9e 2021-2022 a \u00e9t\u00e9 lanc\u00e9 sur la plateforme virtuelle \u00ab\u00a0e-takwine\u00a0\u00bb, par le minist\u00e8re de l\u2019\u00c9ducation nationale, de la formation professionnelle, de l\u2019enseignement sup\u00e9rieur et de la recherche scientifique. Ce dispositif, lanc\u00e9 en collaboration avec le Millenium Challenge [&hellip;]<\/p>\n","protected":false},"author":1788,"featured_media":0,"comment_status":"closed","ping_status":"closed","sticky":false,"template":"","format":"standard","meta":{"fifu_image_url":"http:\/\/www.mapoujda.ma\/map\/uploads\/2021\/01\/Si\u00e8ge-Minist\u00e8re-de-l\u2019\u00c9ducation-Nationale-750\u00d7430-MAP.jpg","fifu_image_alt":"Lancement de la plateforme \u00abe-takwine\u00bb pour l\u2019ann\u00e9e scolaire 2021-2022","footnotes":""},"categories":[54,76],"tags":[],"class_list":["post-128509","post","type-post","status-publish","format-standard","hentry","category-maroc","category-regions"],"_links":{"self":[{"href":"https:\/\/linitiative.ca\/International\/wp-json\/wp\/v2\/posts\/128509","targetHints":{"allow":["GET"]}}],"collection":[{"href":"https:\/\/linitiative.ca\/International\/wp-json\/wp\/v2\/posts"}],"about":[{"href":"https:\/\/linitiative.ca\/International\/wp-json\/wp\/v2\/types\/post"}],"author":[{"embeddable":true,"href":"https:\/\/linitiative.ca\/International\/wp-json\/wp\/v2\/users\/1788"}],"replies":[{"embeddable":true,"href":"https:\/\/linitiative.ca\/International\/wp-json\/wp\/v2\/comments?post=128509"}],"version-history":[{"count":0,"href":"https:\/\/linitiative.ca\/International\/wp-json\/wp\/v2\/posts\/128509\/revisions"}],"wp:attachment":[{"href":"https:\/\/linitiative.ca\/International\/wp-json\/wp\/v2\/media?parent=128509"}],"wp:term":[{"taxonomy":"category","embeddable":true,"href":"https:\/\/linitiative.ca\/International\/wp-json\/wp\/v2\/categories?post=128509"},{"taxonomy":"post_tag","embeddable":true,"href":"https:\/\/linitiative.ca\/International\/wp-json\/wp\/v2\/tags?post=128509"}],"curies":[{"name":"wp","href":"https:\/\/api.w.org\/{rel}","templated":true}]}}