{"id":128513,"date":"2021-09-29T10:00:18","date_gmt":"2021-09-29T14:00:18","guid":{"rendered":"https:\/\/linitiative.ca\/International\/men-lancement-la-plateforme-virtuelle-e-takwine\/"},"modified":"2021-09-29T10:00:18","modified_gmt":"2021-09-29T14:00:18","slug":"men-lancement-la-plateforme-virtuelle-e-takwine","status":"publish","type":"post","link":"https:\/\/linitiative.ca\/International\/men-lancement-la-plateforme-virtuelle-e-takwine\/","title":{"rendered":"MEN: Lancement la plateforme virtuelle \u00ab\u00a0e-takwine\u00a0\u00bb"},"content":{"rendered":"<div>\n<div class=\"field field-name-body field-type-text-with-summary field-label-hidden\">\n<div class=\"field-items\">\n<div class=\"field-item even\" property=\"content:encoded\">\n<p class=\"rtejustify\">Un dispositif de cours en ligne destin\u00e9s \u00e0 l\u2019autoformation continue des cadres p\u00e9dagogiques et administratifs au titre de l\u2019ann\u00e9e 2021-2022 a \u00e9t\u00e9 lanc\u00e9 sur la plateforme virtuelle \u00ab\u00a0e-takwine\u00a0\u00bb, par le minist\u00e8re de l\u2019\u00c9ducation nationale, de la formation professionnelle, de l\u2019enseignement sup\u00e9rieur et de la recherche scientifique.<\/p>\n<\/div>\n<\/div>\n<\/div>\n<\/div>\n<p>Auteur: mbasraoui<br \/>\n<a href=\"https:\/\/www.leconomiste.com\/flash-infos\/men-lancement-la-plateforme-virtuelle-e-takwine\">Cliquez ici pour lire l&rsquo;article depuis sa source.<\/a><\/p>\n","protected":false},"excerpt":{"rendered":"<p>Un dispositif de cours en ligne destin\u00e9s \u00e0 l\u2019autoformation continue des cadres p\u00e9dagogiques et administratifs au titre de l\u2019ann\u00e9e 2021-2022 a \u00e9t\u00e9 lanc\u00e9 sur la plateforme virtuelle \u00ab\u00a0e-takwine\u00a0\u00bb, par le minist\u00e8re de l\u2019\u00c9ducation nationale, de la formation professionnelle, de l\u2019enseignement sup\u00e9rieur et de la recherche scientifique. Auteur: mbasraoui Cliquez ici pour lire l&rsquo;article depuis sa [&hellip;]<\/p>\n","protected":false},"author":1763,"featured_media":0,"comment_status":"closed","ping_status":"closed","sticky":false,"template":"","format":"standard","meta":{"fifu_image_url":"","fifu_image_alt":"","footnotes":""},"categories":[78,54],"tags":[],"class_list":["post-128513","post","type-post","status-publish","format-standard","hentry","category-economie","category-maroc"],"_links":{"self":[{"href":"https:\/\/linitiative.ca\/International\/wp-json\/wp\/v2\/posts\/128513","targetHints":{"allow":["GET"]}}],"collection":[{"href":"https:\/\/linitiative.ca\/International\/wp-json\/wp\/v2\/posts"}],"about":[{"href":"https:\/\/linitiative.ca\/International\/wp-json\/wp\/v2\/types\/post"}],"author":[{"embeddable":true,"href":"https:\/\/linitiative.ca\/International\/wp-json\/wp\/v2\/users\/1763"}],"replies":[{"embeddable":true,"href":"https:\/\/linitiative.ca\/International\/wp-json\/wp\/v2\/comments?post=128513"}],"version-history":[{"count":0,"href":"https:\/\/linitiative.ca\/International\/wp-json\/wp\/v2\/posts\/128513\/revisions"}],"wp:attachment":[{"href":"https:\/\/linitiative.ca\/International\/wp-json\/wp\/v2\/media?parent=128513"}],"wp:term":[{"taxonomy":"category","embeddable":true,"href":"https:\/\/linitiative.ca\/International\/wp-json\/wp\/v2\/categories?post=128513"},{"taxonomy":"post_tag","embeddable":true,"href":"https:\/\/linitiative.ca\/International\/wp-json\/wp\/v2\/tags?post=128513"}],"curies":[{"name":"wp","href":"https:\/\/api.w.org\/{rel}","templated":true}]}}