{"id":128516,"date":"2021-09-29T12:10:35","date_gmt":"2021-09-29T16:10:35","guid":{"rendered":"https:\/\/linitiative.ca\/International\/maroc-ue-la-cgem-veut-partenariat-win-win\/"},"modified":"2021-09-29T12:10:35","modified_gmt":"2021-09-29T16:10:35","slug":"maroc-ue-la-cgem-veut-partenariat-win-win","status":"publish","type":"post","link":"https:\/\/linitiative.ca\/International\/maroc-ue-la-cgem-veut-partenariat-win-win\/","title":{"rendered":"Maroc-UE: La CGEM veut partenariat \u00ab\u00a0win-win\u00a0\u00bb"},"content":{"rendered":"<div>\n<div class=\"field field-name-body field-type-text-with-summary field-label-hidden\">\n<div class=\"field-items\">\n<div class=\"field-item even\" property=\"content:encoded\">\n<p class=\"rtejustify\">Le pr\u00e9sident de la Conf\u00e9d\u00e9ration G\u00e9n\u00e9rale des Entreprises du Maroc (CGEM), Chakib Alj, a soulign\u00e9, mercredi \u00e0 Bruxelles, que la CGEM veut \u00e9tablir un partenariat \u00ab\u00a0gagnant-gagnant\u00a0\u00bb en mati\u00e8re de commerce et d&rsquo;investissement avec l&rsquo;union europ\u00e9enne (UE).<\/p>\n<\/div>\n<\/div>\n<\/div>\n<\/div>\n<p>Auteur: hgueye<br \/>\n<a href=\"https:\/\/www.leconomiste.com\/flash-infos\/maroc-ue-la-cgem-veut-partenariat-win-win\">Cliquez ici pour lire l&rsquo;article depuis sa source.<\/a><\/p>\n","protected":false},"excerpt":{"rendered":"<p>Le pr\u00e9sident de la Conf\u00e9d\u00e9ration G\u00e9n\u00e9rale des Entreprises du Maroc (CGEM), Chakib Alj, a soulign\u00e9, mercredi \u00e0 Bruxelles, que la CGEM veut \u00e9tablir un partenariat \u00ab\u00a0gagnant-gagnant\u00a0\u00bb en mati\u00e8re de commerce et d&rsquo;investissement avec l&rsquo;union europ\u00e9enne (UE). Auteur: hgueye Cliquez ici pour lire l&rsquo;article depuis sa source.<\/p>\n","protected":false},"author":1763,"featured_media":0,"comment_status":"closed","ping_status":"closed","sticky":false,"template":"","format":"standard","meta":{"fifu_image_url":"","fifu_image_alt":"","footnotes":""},"categories":[78,54],"tags":[],"class_list":["post-128516","post","type-post","status-publish","format-standard","hentry","category-economie","category-maroc"],"_links":{"self":[{"href":"https:\/\/linitiative.ca\/International\/wp-json\/wp\/v2\/posts\/128516","targetHints":{"allow":["GET"]}}],"collection":[{"href":"https:\/\/linitiative.ca\/International\/wp-json\/wp\/v2\/posts"}],"about":[{"href":"https:\/\/linitiative.ca\/International\/wp-json\/wp\/v2\/types\/post"}],"author":[{"embeddable":true,"href":"https:\/\/linitiative.ca\/International\/wp-json\/wp\/v2\/users\/1763"}],"replies":[{"embeddable":true,"href":"https:\/\/linitiative.ca\/International\/wp-json\/wp\/v2\/comments?post=128516"}],"version-history":[{"count":0,"href":"https:\/\/linitiative.ca\/International\/wp-json\/wp\/v2\/posts\/128516\/revisions"}],"wp:attachment":[{"href":"https:\/\/linitiative.ca\/International\/wp-json\/wp\/v2\/media?parent=128516"}],"wp:term":[{"taxonomy":"category","embeddable":true,"href":"https:\/\/linitiative.ca\/International\/wp-json\/wp\/v2\/categories?post=128516"},{"taxonomy":"post_tag","embeddable":true,"href":"https:\/\/linitiative.ca\/International\/wp-json\/wp\/v2\/tags?post=128516"}],"curies":[{"name":"wp","href":"https:\/\/api.w.org\/{rel}","templated":true}]}}