{"id":128551,"date":"2021-09-29T06:00:00","date_gmt":"2021-09-29T10:00:00","guid":{"rendered":"https:\/\/linitiative.ca\/International\/les-craintes-des-professeurs\/"},"modified":"2021-09-29T06:00:00","modified_gmt":"2021-09-29T10:00:00","slug":"les-craintes-des-professeurs","status":"publish","type":"post","link":"https:\/\/linitiative.ca\/International\/les-craintes-des-professeurs\/","title":{"rendered":"Les craintes des professeurs"},"content":{"rendered":"<div>En raison de la pand\u00e9mie de Covid-19, les activit\u00e9s p\u00e9dagogiques de formation n&rsquo;ont pas \u00e9t\u00e9 assur\u00e9es pendant ces deux derni\u00e8res ann\u00e9es. Les professeurs en m\u00e9decine, qui ne savent pas comment rattraper ce retard, estiment que<\/div>\n<p>Auteur:<br \/>\n<a href=\"https:\/\/www.lesoirdalgerie.com\/periscoop\/les-craintes-des-professeurs-68180\">Cliquez ici pour lire l&rsquo;article depuis sa source.<\/a><\/p>\n","protected":false},"excerpt":{"rendered":"<p>En raison de la pand\u00e9mie de Covid-19, les activit\u00e9s p\u00e9dagogiques de formation n&rsquo;ont pas \u00e9t\u00e9 assur\u00e9es pendant ces deux derni\u00e8res ann\u00e9es. Les professeurs en m\u00e9decine, qui ne savent pas comment rattraper ce retard, estiment que Auteur: Cliquez ici pour lire l&rsquo;article depuis sa source.<\/p>\n","protected":false},"author":1741,"featured_media":0,"comment_status":"closed","ping_status":"closed","sticky":false,"template":"","format":"standard","meta":{"fifu_image_url":"","fifu_image_alt":"","footnotes":""},"categories":[73,53],"tags":[],"class_list":["post-128551","post","type-post","status-publish","format-standard","hentry","category-actualite","category-algerie"],"_links":{"self":[{"href":"https:\/\/linitiative.ca\/International\/wp-json\/wp\/v2\/posts\/128551","targetHints":{"allow":["GET"]}}],"collection":[{"href":"https:\/\/linitiative.ca\/International\/wp-json\/wp\/v2\/posts"}],"about":[{"href":"https:\/\/linitiative.ca\/International\/wp-json\/wp\/v2\/types\/post"}],"author":[{"embeddable":true,"href":"https:\/\/linitiative.ca\/International\/wp-json\/wp\/v2\/users\/1741"}],"replies":[{"embeddable":true,"href":"https:\/\/linitiative.ca\/International\/wp-json\/wp\/v2\/comments?post=128551"}],"version-history":[{"count":0,"href":"https:\/\/linitiative.ca\/International\/wp-json\/wp\/v2\/posts\/128551\/revisions"}],"wp:attachment":[{"href":"https:\/\/linitiative.ca\/International\/wp-json\/wp\/v2\/media?parent=128551"}],"wp:term":[{"taxonomy":"category","embeddable":true,"href":"https:\/\/linitiative.ca\/International\/wp-json\/wp\/v2\/categories?post=128551"},{"taxonomy":"post_tag","embeddable":true,"href":"https:\/\/linitiative.ca\/International\/wp-json\/wp\/v2\/tags?post=128551"}],"curies":[{"name":"wp","href":"https:\/\/api.w.org\/{rel}","templated":true}]}}