{"id":128564,"date":"2021-09-29T16:15:16","date_gmt":"2021-09-29T20:15:16","guid":{"rendered":"https:\/\/linitiative.ca\/International\/tunisie-repositionnement-de-larmee-renforcement-de-la-securite-autour-du-siege-de-larp\/"},"modified":"2021-09-29T16:15:16","modified_gmt":"2021-09-29T20:15:16","slug":"tunisie-repositionnement-de-larmee-renforcement-de-la-securite-autour-du-siege-de-larp","status":"publish","type":"post","link":"https:\/\/linitiative.ca\/International\/tunisie-repositionnement-de-larmee-renforcement-de-la-securite-autour-du-siege-de-larp\/","title":{"rendered":"Tunisie \u2013 Repositionnement de l\u2019arm\u00e9e\u00a0: Renforcement de la s\u00e9curit\u00e9 autour du si\u00e8ge de l\u2019ARP"},"content":{"rendered":"<div>\n<p>Des observateurs ont remarqu\u00e9, ce mercredi, certains changements dans le positionnement des unit\u00e9s de l\u2019arm\u00e9e nationale qui s\u00e9curisent le si\u00e8ge de l\u2019ARP, au Bardo. Contrairement aux rumeurs qui ont circul\u00e9, il ne s\u2019agit point d\u2019un retrait des unit\u00e9s de l\u2019arm\u00e9e, mais d\u2019un repositionnement autour et \u00e0 l\u2019int\u00e9rieur du si\u00e8ge. Ainsi les unit\u00e9s blind\u00e9es de l\u2019arm\u00e9e [\u2026]<\/p>\n<p>L\u2019article <a href=\"https:\/\/www.tunisienumerique.com\/tunisie-repositionnement-de-larmee-renforcement-de-la-securite-autour-du-siege-de-larp\/\">Tunisie \u2013 Repositionnement de l\u2019arm\u00e9e\u00a0: Renforcement de la s\u00e9curit\u00e9 autour du si\u00e8ge de l\u2019ARP<\/a> est apparu en premier sur <a href=\"https:\/\/www.tunisienumerique.com\/\">Tunisie<\/a>.<\/p>\n<\/div>\n<p>Auteur: LM<br \/>\n<a href=\"https:\/\/www.tunisienumerique.com\/tunisie-repositionnement-de-larmee-renforcement-de-la-securite-autour-du-siege-de-larp\/\">Cliquez ici pour lire l&rsquo;article depuis sa source.<\/a><\/p>\n","protected":false},"excerpt":{"rendered":"<p>Des observateurs ont remarqu\u00e9, ce mercredi, certains changements dans le positionnement des unit\u00e9s de l\u2019arm\u00e9e nationale qui s\u00e9curisent le si\u00e8ge de l\u2019ARP, au Bardo. Contrairement aux rumeurs qui ont circul\u00e9, il ne s\u2019agit point d\u2019un retrait des unit\u00e9s de l\u2019arm\u00e9e, mais d\u2019un repositionnement autour et \u00e0 l\u2019int\u00e9rieur du si\u00e8ge. Ainsi les unit\u00e9s blind\u00e9es de l\u2019arm\u00e9e [&hellip;]<\/p>\n","protected":false},"author":1789,"featured_media":0,"comment_status":"closed","ping_status":"closed","sticky":false,"template":"","format":"standard","meta":{"fifu_image_url":"","fifu_image_alt":"","footnotes":""},"categories":[73,55],"tags":[],"class_list":["post-128564","post","type-post","status-publish","format-standard","hentry","category-actualite","category-tunisie"],"_links":{"self":[{"href":"https:\/\/linitiative.ca\/International\/wp-json\/wp\/v2\/posts\/128564","targetHints":{"allow":["GET"]}}],"collection":[{"href":"https:\/\/linitiative.ca\/International\/wp-json\/wp\/v2\/posts"}],"about":[{"href":"https:\/\/linitiative.ca\/International\/wp-json\/wp\/v2\/types\/post"}],"author":[{"embeddable":true,"href":"https:\/\/linitiative.ca\/International\/wp-json\/wp\/v2\/users\/1789"}],"replies":[{"embeddable":true,"href":"https:\/\/linitiative.ca\/International\/wp-json\/wp\/v2\/comments?post=128564"}],"version-history":[{"count":0,"href":"https:\/\/linitiative.ca\/International\/wp-json\/wp\/v2\/posts\/128564\/revisions"}],"wp:attachment":[{"href":"https:\/\/linitiative.ca\/International\/wp-json\/wp\/v2\/media?parent=128564"}],"wp:term":[{"taxonomy":"category","embeddable":true,"href":"https:\/\/linitiative.ca\/International\/wp-json\/wp\/v2\/categories?post=128564"},{"taxonomy":"post_tag","embeddable":true,"href":"https:\/\/linitiative.ca\/International\/wp-json\/wp\/v2\/tags?post=128564"}],"curies":[{"name":"wp","href":"https:\/\/api.w.org\/{rel}","templated":true}]}}