{"id":128567,"date":"2021-09-29T17:12:41","date_gmt":"2021-09-29T21:12:41","guid":{"rendered":"https:\/\/linitiative.ca\/International\/tunisie-les-premiers-defis-qui-se-posent-a-najla-bouden\/"},"modified":"2021-09-29T17:12:41","modified_gmt":"2021-09-29T21:12:41","slug":"tunisie-les-premiers-defis-qui-se-posent-a-najla-bouden","status":"publish","type":"post","link":"https:\/\/linitiative.ca\/International\/tunisie-les-premiers-defis-qui-se-posent-a-najla-bouden\/","title":{"rendered":"Tunisie \u2013 Les premiers d\u00e9fis qui se posent \u00e0 Najla Bouden\u00a0!"},"content":{"rendered":"<div>\n<p>La pr\u00e9sidente du gouvernement d\u00e9sign\u00e9e, ce matin, Najla Bouden, va devoir affronter, d\u00e8s les premi\u00e8res heures de son exercice, plusieurs d\u00e9fis, \u00e0 la fois. Et ce, sur les niveaux ext\u00e9rieur et local. Sur le plan international, Bouden doit \u00eatre consciente que sa nomination est loin d\u2019\u00eatre appr\u00e9ci\u00e9e par les partenaires, surtout \u00e9conomiques de la Tunisie. [\u2026]<\/p>\n<p>L\u2019article <a href=\"https:\/\/www.tunisienumerique.com\/tunisie-les-premiers-defis-qui-se-posent-a-najla-bouden\/\">Tunisie \u2013 Les premiers d\u00e9fis qui se posent \u00e0 Najla Bouden\u00a0!<\/a> est apparu en premier sur <a href=\"https:\/\/www.tunisienumerique.com\/\">Tunisie<\/a>.<\/p>\n<\/div>\n<p>Auteur: Saber .<br \/>\n<a href=\"https:\/\/www.tunisienumerique.com\/tunisie-les-premiers-defis-qui-se-posent-a-najla-bouden\/\">Cliquez ici pour lire l&rsquo;article depuis sa source.<\/a><\/p>\n","protected":false},"excerpt":{"rendered":"<p>La pr\u00e9sidente du gouvernement d\u00e9sign\u00e9e, ce matin, Najla Bouden, va devoir affronter, d\u00e8s les premi\u00e8res heures de son exercice, plusieurs d\u00e9fis, \u00e0 la fois. Et ce, sur les niveaux ext\u00e9rieur et local. Sur le plan international, Bouden doit \u00eatre consciente que sa nomination est loin d\u2019\u00eatre appr\u00e9ci\u00e9e par les partenaires, surtout \u00e9conomiques de la Tunisie. [&hellip;]<\/p>\n","protected":false},"author":1789,"featured_media":0,"comment_status":"closed","ping_status":"closed","sticky":false,"template":"","format":"standard","meta":{"fifu_image_url":"","fifu_image_alt":"","footnotes":""},"categories":[73,55],"tags":[],"class_list":["post-128567","post","type-post","status-publish","format-standard","hentry","category-actualite","category-tunisie"],"_links":{"self":[{"href":"https:\/\/linitiative.ca\/International\/wp-json\/wp\/v2\/posts\/128567","targetHints":{"allow":["GET"]}}],"collection":[{"href":"https:\/\/linitiative.ca\/International\/wp-json\/wp\/v2\/posts"}],"about":[{"href":"https:\/\/linitiative.ca\/International\/wp-json\/wp\/v2\/types\/post"}],"author":[{"embeddable":true,"href":"https:\/\/linitiative.ca\/International\/wp-json\/wp\/v2\/users\/1789"}],"replies":[{"embeddable":true,"href":"https:\/\/linitiative.ca\/International\/wp-json\/wp\/v2\/comments?post=128567"}],"version-history":[{"count":0,"href":"https:\/\/linitiative.ca\/International\/wp-json\/wp\/v2\/posts\/128567\/revisions"}],"wp:attachment":[{"href":"https:\/\/linitiative.ca\/International\/wp-json\/wp\/v2\/media?parent=128567"}],"wp:term":[{"taxonomy":"category","embeddable":true,"href":"https:\/\/linitiative.ca\/International\/wp-json\/wp\/v2\/categories?post=128567"},{"taxonomy":"post_tag","embeddable":true,"href":"https:\/\/linitiative.ca\/International\/wp-json\/wp\/v2\/tags?post=128567"}],"curies":[{"name":"wp","href":"https:\/\/api.w.org\/{rel}","templated":true}]}}