{"id":128570,"date":"2021-09-29T17:21:24","date_gmt":"2021-09-29T21:21:24","guid":{"rendered":"https:\/\/linitiative.ca\/International\/initiative-presidentielle-pour-un-repas-equilibre-des-concertations-pour-accelerer-les-actions\/"},"modified":"2021-09-29T17:21:24","modified_gmt":"2021-09-29T21:21:24","slug":"initiative-presidentielle-pour-un-repas-equilibre-des-concertations-pour-accelerer-les-actions","status":"publish","type":"post","link":"https:\/\/linitiative.ca\/International\/initiative-presidentielle-pour-un-repas-equilibre-des-concertations-pour-accelerer-les-actions\/","title":{"rendered":"Initiative pr\u00e9sidentielle pour un repas \u00e9quilibr\u00e9 : des concertations pour acc\u00e9l\u00e9rer  les actions"},"content":{"rendered":"<div>\n<p><strong>Le comit\u00e9 technique de coordination de l\u2019initiative pr\u00e9sidentielle \u00ab\u00a0Assurer \u00e0 chaque enfant en \u00e2ge scolaire au moins un repas \u00e9quilibr\u00e9 par jour\u00a0\u00bb a tenu, le mercredi 29 septembre 2021, \u00e0 Ouagadougou sa premi\u00e8re session ordinaire de l\u2019ann\u00e9e. <\/strong><\/p>\n<figure id=\"attachment_40194\" aria-describedby=\"caption-attachment-40194\" style=\"width: 300px\" class=\"wp-caption alignleft\"><img decoding=\"async\" loading=\"lazy\" class=\"wp-image-40194 size-medium\" src=\"https:\/\/linitiative.ca\/International\/wp-content\/uploads\/sites\/23\/2021\/09\/1-72-300x158-1.jpg\" alt=\"\" width=\"300\" height=\"158\" srcset=\"https:\/\/linitiative.ca\/International\/wp-content\/uploads\/sites\/23\/2021\/09\/1-72-300x158-1.jpg 300w, https:\/\/www.sidwaya.info\/wp-content\/uploads\/2021\/09\/1-72-150x79.jpg 150w, https:\/\/www.sidwaya.info\/wp-content\/uploads\/2021\/09\/1-72.jpg 595w\" sizes=\"auto, (max-width: 300px) 100vw, 300px\"><figcaption id=\"caption-attachment-40194\" class=\"wp-caption-text\">La premi\u00e8re session de l\u2019ann\u00e9e du comit\u00e9 technique de coordination de l\u2019initiative pr\u00e9sidentielle a regroup\u00e9 des repr\u00e9sentants des minist\u00e8res impliqu\u00e9s dans sa mise en \u0153uvre.<\/figcaption><\/figure>\n<p>Le cadre technique de concertation de l\u2019initiative pr\u00e9sidentielle travaille pour \u00eatre en phase de ses missions de suivi et d\u2019\u00e9valuation. A cet effet, l\u2019organe regroupant des repr\u00e9sentants des minist\u00e8res impliqu\u00e9s dans la mise en \u0153uvre de l\u2019initiative pr\u00e9sidentielle \u00ab\u00a0Assurer \u00e0 chaque enfant en \u00e2ge scolaire au moins un repas \u00e9quilibr\u00e9 par jour\u00a0\u00bb, a organis\u00e9, le mercredi 29 septembre 2021, \u00e0 Ouagadougou, sa premi\u00e8re session ordinaire de l\u2019ann\u00e9e. Selon la pr\u00e9sidente du cadre technique de concertation de l\u2019initiative pr\u00e9sidentielle et par ailleurs Secr\u00e9taire g\u00e9n\u00e9rale du Premier minist\u00e8re, Yvonne Rouamba\/Guigma, il s\u2019est agi \u00e0 travers cette rencontre, de revisiter la mise en \u0153uvre des recommandations issues de la session de 2020 qui avaient pr\u00e9conis\u00e9 la nomination d\u2019un secr\u00e9taire permanent pour la tenue d\u2019un conseil d\u2019orientation strat\u00e9gique.<\/p>\n<p>\u00ab\u00a0Nous avons fait le point de la mise en \u0153uvre de ces recommandations et nous allons \u00e9galement travailler sur la feuille de route qui a \u00e9t\u00e9 retenue au niveau du secr\u00e9tariat permanent pour la rentr\u00e9e scolaire\u00a0\u00bb, a-t-elle fait savoir. Pour la rentr\u00e9e 2021-2022, elle a indiqu\u00e9 que le cadre technique va s\u2019int\u00e9resser aux actions \u00e0 mener au niveau du secr\u00e9tariat. \u00ab\u00a0Les recommandations portent sur l\u2019acc\u00e9l\u00e9ration de la mise en \u0153uvre des actions, \u00e0 travers l\u2019organisation de concertations avec les sectoriels pour identifier les difficult\u00e9s et de proposer des pistes de solutions\u00a0\u00bb, a-t-elle soulign\u00e9. La mission du secr\u00e9tariat permanent, a-t-elle rappel\u00e9, est de capitaliser ce qui est r\u00e9alis\u00e9 au niveau des d\u00e9partements minist\u00e9riels dans le cadre de la mise en \u0153uvre de cette initiative. Mme Rouamba a signifi\u00e9 que pour cette rentr\u00e9e scolaire, 16 communes ont \u00e9t\u00e9 retenues pour la mise en \u0153uvre de cet engament du chef de l\u2019Etat.<\/p>\n<p>Elle a rassur\u00e9 que les diff\u00e9rents acteurs de la mise en \u0153uvre seront accompagn\u00e9s pour une am\u00e9lioration de la gestion des cantines scolaires. En plus de cela, la Secr\u00e9taire g\u00e9n\u00e9rale (SG) du Premier minist\u00e8re a relev\u00e9 que l\u2019initiative vise aussi \u00e0 cr\u00e9er de l\u2019emploi, \u00e0 installer des jeunes pour qu\u2019ils puissent faire la transformation des produits locaux qui vont alimenter la nutrition des enfants en \u00e2ge scolaire. Elle a par ailleurs pr\u00e9cis\u00e9, que des concertations seront organis\u00e9es au cours desquelles, le minist\u00e8re en charge de l\u2019agriculture va travailler \u00ab \u00e9troitement \u00bb avec les organisations des producteurs pour qu\u2019ils puissent disponibiliser les aliments \u00e0 l\u2019endroit de ces \u00e9coles.<\/p>\n<p style=\"text-align: right\"><strong> Aly SAWADOGO <\/strong><\/p>\n<p>L\u2019article <a rel=\"nofollow\" href=\"https:\/\/www.sidwaya.info\/blog\/2021\/09\/29\/initiative-presidentielle-pour-un-repas-equilibre-des-concertations-pour-accelerer-les-actions\/\">Initiative pr\u00e9sidentielle pour un repas \u00e9quilibr\u00e9 : des concertations pour acc\u00e9l\u00e9rer  les actions<\/a> est apparu en premier sur <a rel=\"nofollow\" href=\"https:\/\/www.sidwaya.info\/\">Quotidien Sidwaya<\/a>.<\/p>\n<\/div>\n<p>Auteur: BM. Sidwaya<br \/>\n<a href=\"https:\/\/www.sidwaya.info\/blog\/2021\/09\/29\/initiative-presidentielle-pour-un-repas-equilibre-des-concertations-pour-accelerer-les-actions\/\">Cliquez ici pour lire l&rsquo;article depuis sa source.<\/a><\/p>\n","protected":false},"excerpt":{"rendered":"<p>Le comit\u00e9 technique de coordination de l\u2019initiative pr\u00e9sidentielle \u00ab\u00a0Assurer \u00e0 chaque enfant en \u00e2ge scolaire au moins un repas \u00e9quilibr\u00e9 par jour\u00a0\u00bb a tenu, le mercredi 29 septembre 2021, \u00e0 Ouagadougou sa premi\u00e8re session ordinaire de l\u2019ann\u00e9e. La premi\u00e8re session de l\u2019ann\u00e9e du comit\u00e9 technique de coordination de l\u2019initiative pr\u00e9sidentielle a regroup\u00e9 des repr\u00e9sentants des [&hellip;]<\/p>\n","protected":false},"author":1816,"featured_media":0,"comment_status":"closed","ping_status":"closed","sticky":false,"template":"","format":"standard","meta":{"fifu_image_url":"https:\/\/www.sidwaya.info\/wp-content\/uploads\/2021\/09\/1-72-300x158.jpg","fifu_image_alt":"Initiative pr\u00e9sidentielle pour un repas \u00e9quilibr\u00e9 : des concertations pour acc\u00e9l\u00e9rer  les actions","footnotes":""},"categories":[73,81],"tags":[],"class_list":["post-128570","post","type-post","status-publish","format-standard","hentry","category-actualite","category-burkina-faso"],"_links":{"self":[{"href":"https:\/\/linitiative.ca\/International\/wp-json\/wp\/v2\/posts\/128570","targetHints":{"allow":["GET"]}}],"collection":[{"href":"https:\/\/linitiative.ca\/International\/wp-json\/wp\/v2\/posts"}],"about":[{"href":"https:\/\/linitiative.ca\/International\/wp-json\/wp\/v2\/types\/post"}],"author":[{"embeddable":true,"href":"https:\/\/linitiative.ca\/International\/wp-json\/wp\/v2\/users\/1816"}],"replies":[{"embeddable":true,"href":"https:\/\/linitiative.ca\/International\/wp-json\/wp\/v2\/comments?post=128570"}],"version-history":[{"count":0,"href":"https:\/\/linitiative.ca\/International\/wp-json\/wp\/v2\/posts\/128570\/revisions"}],"wp:attachment":[{"href":"https:\/\/linitiative.ca\/International\/wp-json\/wp\/v2\/media?parent=128570"}],"wp:term":[{"taxonomy":"category","embeddable":true,"href":"https:\/\/linitiative.ca\/International\/wp-json\/wp\/v2\/categories?post=128570"},{"taxonomy":"post_tag","embeddable":true,"href":"https:\/\/linitiative.ca\/International\/wp-json\/wp\/v2\/tags?post=128570"}],"curies":[{"name":"wp","href":"https:\/\/api.w.org\/{rel}","templated":true}]}}