{"id":128573,"date":"2021-09-29T17:31:31","date_gmt":"2021-09-29T21:31:31","guid":{"rendered":"https:\/\/linitiative.ca\/International\/journee-internationale-des-personnes-agees-que-chacun-accepte-cette-grace-de-dieu-davoir-60-ans-et-plus-joseph-andre-tiendrebeogo\/"},"modified":"2021-09-29T17:31:31","modified_gmt":"2021-09-29T21:31:31","slug":"journee-internationale-des-personnes-agees-que-chacun-accepte-cette-grace-de-dieu-davoir-60-ans-et-plus-joseph-andre-tiendrebeogo","status":"publish","type":"post","link":"https:\/\/linitiative.ca\/International\/journee-internationale-des-personnes-agees-que-chacun-accepte-cette-grace-de-dieu-davoir-60-ans-et-plus-joseph-andre-tiendrebeogo\/","title":{"rendered":"Journ\u00e9e internationale des personnes \u00e2g\u00e9es : \u00ab que chacun accepte cette gr\u00e2ce de Dieu d\u2019avoir 60 ans et plus \u00bb, Joseph Andr\u00e9 Tiendr\u00e9b\u00e9ogo"},"content":{"rendered":"<div>\n<p><strong>La Journ\u00e9e internationale des personnes \u00e2g\u00e9es est c\u00e9l\u00e9br\u00e9e, le 1er octobre de chaque ann\u00e9e. A l\u2019occasion de l\u2019\u00e9dition 2021, le pr\u00e9sident du Conseil national des personnes \u00e2g\u00e9es, Joseph Andr\u00e9 Tiendr\u00e9b\u00e9ogo, a accord\u00e9 une interview \u00e0 Sidwaya. Dans cet entretien, il s\u2019est exprim\u00e9 sur, entre autres, l\u2019\u00e9volution de l\u2019association depuis 2020, les difficult\u00e9s auxquelles elle fait face. <\/strong><\/p>\n<p><strong>Sidwaya (S) : Comment se porte votre association ? <\/strong><\/p>\n<p><strong>Joseph Andr\u00e9 Tiendr\u00e9b\u00e9ogo (J.A.T.)<\/strong> : Notre association se porte bien, dans la mesure o\u00f9 nous avons tous nos documents. Nous commen\u00e7ons \u00e0 nous faire conna\u00eetre et je pense qu\u2019on ne peut pas esp\u00e9rer mieux. On pourrait mieux se porter, mais on se porte bien. On souhaite que \u00e7a aille mieux.<\/p>\n<p><strong> S : Apr\u00e8s une ann\u00e9e d\u2019exercice, quel bilan pouvez-vous faire de l\u2019exercice 2020\/2021 ? <\/strong><\/p>\n<figure id=\"attachment_40201\" aria-describedby=\"caption-attachment-40201\" style=\"width: 300px\" class=\"wp-caption alignleft\"><img decoding=\"async\" loading=\"lazy\" class=\"wp-image-40201 size-medium\" src=\"https:\/\/linitiative.ca\/International\/wp-content\/uploads\/sites\/23\/2021\/09\/1-74-300x200-1.jpg\" alt=\"\" width=\"300\" height=\"200\" srcset=\"https:\/\/linitiative.ca\/International\/wp-content\/uploads\/sites\/23\/2021\/09\/1-74-300x200-1.jpg 300w, https:\/\/www.sidwaya.info\/wp-content\/uploads\/2021\/09\/1-74-150x100.jpg 150w, https:\/\/www.sidwaya.info\/wp-content\/uploads\/2021\/09\/1-74.jpg 595w\" sizes=\"auto, (max-width: 300px) 100vw, 300px\"><figcaption id=\"caption-attachment-40201\" class=\"wp-caption-text\">\u00ab 90% des personnes \u00e2g\u00e9es au Burkina Faso n\u2019ont aucun syst\u00e8me social de couverture \u00bb, Joseph Andr\u00e9 Tiendr\u00e9b\u00e9ogo.<\/figcaption><\/figure>\n<p><strong>J.A.T<\/strong>. : Apr\u00e8s une ann\u00e9e, nous disons que le bilan peut \u00eatre consid\u00e9r\u00e9 comme positif. Nous sommes arriv\u00e9s aux affaires en septembre 2019 ; officiellement install\u00e9s le 13 d\u00e9cembre 2019, nous avons commenc\u00e9 \u00e0 travailler en 2020. Nous sommes en train de boucler la deuxi\u00e8me ann\u00e9e. Au d\u00e9part, nous avons commenc\u00e9 avec les cartes de membres comme le pr\u00e9voit les statuts de toute association \u00e0 savoir : l\u2019adh\u00e9sion donne droit \u00e0 une carte. C\u2019est \u00e0 partir de f\u00e9vrier 2020 que nous avons commenc\u00e9 timidement avec 33 membres. A la date du 21 septembre 2021, nous \u00e9tions \u00e0 2 806 adh\u00e9rents dont 13 associations. Il y a les membres physiques individuels et les associations qui nous accompagnent. Si on enl\u00e8ve les 13 associations membres des 2 806, il nous reste 2 793 personnes physiques dont 1 395 femmes et 1 398 hommes. Je pense que cela est une bonne chose. En dehors de l\u2019adh\u00e9sion des membres, nous avons la mise en place des structures. A ce niveau, nous avons pu mettre en place les bureaux r\u00e9gionaux : dans les Hauts-Bassins o\u00f9 ils ont pu mettre en place des bureaux provinciaux dans le Houet, le Tuy et le K\u00e9n\u00e9dougou, dans les Cascades et le Centre. Au niveau du Centre, on a mis en place les bureaux communaux \u00e0 Saaba, Tanghin-Dassouri, Koubri, Komki-Ipala. Il ya \u00e9galement des bureaux fonctionnels dans le Boulkiemd\u00e9, la Sissili et dans la Commune de Dano. Pour ce qui concerne la mise en place des structures, cela avance. Nous aurions voulu avec ce bout de temps, avoir des bureaux dans les 13 r\u00e9gions, mais il y a des difficult\u00e9s qui font que nous n\u2019avons pas pu parvenir \u00e0 le faire. En termes de mobilisation de ressources financi\u00e8res, l\u2019adh\u00e9sion fait 500 F CFA quelle que soit la cat\u00e9gorie de membre ; c\u2019est au niveau des cotisations annuelles que cela varie. Nous avons quatre cat\u00e9gories de membres : les membres de droit, c\u2019est-\u00e0-dire le tout-venant ayant 60 ans ou plus dont la cotisation annuelle fait 500 F CFA ; les membres actifs qui travaillent dans les bureaux ex\u00e9cutifs et dont les cotisations annuelles sont de 5 000 FCFA, 4 000 FCFA, 3 000 FCFA, 2 000 FCFA ou 1 000 FCFA selon que vous \u00eates du niveau national, r\u00e9gional, provincial, communal ou villageois ; les membres sympathisants physiques ( 15 000 FCFA\/an) moraux (20 000 FCFA\/an ou 50 000 FCFA\/an) ; enfin les membres d\u2019honneur physiques ou moraux \u00e0 qui nous sollicitons une plus grande contribution.. Il y a lieu de pr\u00e9ciser qu\u2019il n y a pas d\u2019\u00e2ge limite pour les membres sympathisants et les membres d\u2019honneur. Il faut dire que l\u2019un dans l\u2019autre, nous avons pu enregistrer depuis le d\u00e9but, 1 403 000 F CFA qui correspondent aux 2 806 adh\u00e9rents. Si on ajoute les cotisations des uns et des autres, nous avons pu mobiliser 4 598 000 F CFA, ce qui n\u2019est pas n\u00e9gligeable. C\u2019est pour dire que nous avons essay\u00e9 de faire comprendre aux uns et aux autres qu\u2019il faut que nous-m\u00eames, nous mobilisions nos propres ressources avant de recourir aux autres. Les membres ont compris et chacun accepte le principe de payer les cotisations. La cotisation annuelle pour les membres de droit faisant 500 F CFA, certains adh\u00e9rents pr\u00e9f\u00e8rent payer pour dix ans correspondant \u00e0 la validit\u00e9 de la carte. Nous misons sur l\u2019adh\u00e9sion massive en nous disant que sur plus d\u2019un million de personnes \u00e2g\u00e9es, si nous avons 300 mille qui payent 500 F CFA de cotisation, cela nous fait 150 millions et vous pouvez d\u00e9gager des ressources pour investir pour les personnes \u00e2g\u00e9es.<\/p>\n<p><strong>S : Quelles sont les difficult\u00e9s auxquelles vous \u00eates confront\u00e9s dans la mise en \u0153uvre de vos activit\u00e9s ? <\/strong><\/p>\n<p><strong>J.A.T<\/strong>. : Disons que les difficult\u00e9s, ce sont celles financi\u00e8res et cela est classique, c\u2019est le nerf de la guerre. Mais il n\u2019y a pas que cela. Il y a un probl\u00e8me d\u2019organisation, que nous sommes en train de relever comme d\u00e9fi. Il y a surtout un probl\u00e8me de communication pour prendre en compte un certain nombre de pr\u00e9jug\u00e9s qui influencent n\u00e9gativement la mobilisation des personnes \u00e2g\u00e9es. Il s\u2019agit de ce qu\u2019on accole au terme \u00ab personne \u00e2g\u00e9e \u00bb. D\u00e8s qu\u2019on dit personne \u00e2g\u00e9e, on voit tout de suite une personne qui ne sert \u00e0 rien. Du coup, les personnes qui ont plus de 60 ans ne veulent pas se faire appeler personnes \u00e2g\u00e9es. On trouve des expressions pour camoufler ce terme-l\u00e0, j\u2019allais dire que c\u2019est du snobisme. Vous trouvez des gens qui pr\u00e9f\u00e8rent le terme ancien, mais ce terme ne d\u00e9signe pas une personne \u00e2g\u00e9e. L\u2019ancien d\u00e9signe quelque chose qui a exist\u00e9 depuis longtemps ou quelqu\u2019un qui \u00e9tait en fonction et qui n\u2019est plus en activit\u00e9. Il y en a qui ont trouv\u00e9 mieux de dire a\u00een\u00e9 alors que ce terme d\u00e9signe le premier n\u00e9 d\u2019une fratrie, c\u2019est le fils a\u00een\u00e9. Quand on vous dit a\u00een\u00e9, cela ne veut pas dire que vous avez 60 ans. D\u2019autres disent sage. Ce mot d\u00e9signe la personne qui est parvenue \u00e0 la ma\u00eetrise de soi et tend \u00e0 r\u00e9aliser un mod\u00e8le id\u00e9al de vie ou une personne comp\u00e9tente et ind\u00e9pendante charg\u00e9e par le pouvoir public d\u2019\u00e9tudier une question d\u00e9licate. Ce sont les d\u00e9finitions du Larousse. Et quand vous parlez de sagesse, c\u2019est la qualit\u00e9 de quelqu\u2019un qui fait preuve d\u2019un jugement droit, s\u00fbr et averti dans ses d\u00e9cisions. Par exemple, on peut dire que l\u2019enfant est sage. Alors, est-ce qu\u2019en ce moment, c\u2019est une personne \u00e2g\u00e9e ? C\u2019est parce qu\u2019il a un comportement acceptable. Donc, le mot sage ne correspond pas. Il y a d\u2019autres qui disent un senior. C\u2019est au niveau du sport que nous rencontrons les seniors, les juniors. Le senior, c\u2019est celui qui a d\u00e9pass\u00e9 l\u2019\u00e2ge de junior et est autour de 20 ans, mais il n\u2019est pas encore un v\u00e9t\u00e9ran. Le terme senior est utilis\u00e9 dans certaines professions pour d\u00e9signer quelqu\u2019un de qualifi\u00e9 et d\u2019exp\u00e9riment\u00e9, Par exemple, on a les ing\u00e9nieurs seniors, les auditeurs seniors parce qu\u2019il est confirm\u00e9 dans la profession. Le terme senior ne tient pas. Le terme \u00ab personne \u00e2g\u00e9e \u00bb est consacr\u00e9 par les Nations unies qui a instaur\u00e9 la Journ\u00e9e internationale des personnes \u00e2g\u00e9es, le 1er octobre. Il faut que les gens acceptent le terme et cela va nous faciliter la mobilisation parce que la personne \u00e2g\u00e9e, c\u2019est un statut et au Burkina Faso, ce statut-l\u00e0 s\u2019acquiert \u00e0 partir de 60 ans. La deuxi\u00e8me difficult\u00e9 de communication est la confusion dans notre contr\u00e9e entre le \u00ab retrait\u00e9 \u00bb et la \u00ab personne \u00e2g\u00e9e \u00bb. Lorsque vous parlez du Conseil national des personnes \u00e2g\u00e9es, on vous dit que c\u2019est la maison des Retrait\u00e9s. Une personne \u00e2g\u00e9e selon notre loi est quelqu\u2019un qui a 60 ans et plus. La personne retrait\u00e9e est la personne qui a cess\u00e9 ses activit\u00e9s dans la profession dans laquelle il exer\u00e7ait. Le retrait\u00e9 est pratiquement assimil\u00e9 \u00e0 la personne \u00e2g\u00e9e alors qu\u2019il y a des corps de m\u00e9tier et des cat\u00e9gories de personnel o\u00f9 on va \u00e0 la retraite avant 60 ans. Cela est valable dans le civil comme dans l\u2019arm\u00e9e o\u00f9 les militaires du rang vont \u00e0 la retraite bien avant 60 ans. Ce ne sont pas des personnes \u00e2g\u00e9es, mais ils sont des retrait\u00e9s. Le retrait\u00e9 est celui qui per\u00e7oit une pension. Selon les r\u00e9sultats pr\u00e9liminaires du recensement de 2019 publi\u00e9s en 2020, 1 030 609 personnes ont 60 ans et plus au Burkina Faso. Parmi elles il y a celles du troisi\u00e8me \u00e2ge (60-79 ans) au nombre de 876 838, et celles du quatri\u00e8me \u00e2ge (80 ans et plus ) au nombre de 153 771 ; Quand vous prenez ce chiffre de 1 030 609 et que l\u2019on se r\u00e9f\u00e8re aux b\u00e9n\u00e9ficiaires de la visite m\u00e9dicale annuelle gratuite des retrait\u00e9s au nombre d\u2019environ 65 000 en 2020, m\u00eame si on monte \u00e0 100 000 retrait\u00e9s par rapport \u00e0 1 030 609 personnes \u00e2g\u00e9es, cela signifie que les retrait\u00e9s font moins de 10% des personnes \u00e2g\u00e9es, surtout si on enl\u00e8ve encore parmi ces retrait\u00e9s, ceux qui n\u2019ont pas 60 ans. Il y a donc une confusion \u00e0 ne pas faire. Je qualifie les retrait\u00e9s \u00e2g\u00e9s de personnes \u00e2g\u00e9es privil\u00e9gi\u00e9es. Ils ont une pension m\u00eame quand on juge qu\u2019elle est insuffisante. Ils ont le Fonds national d\u2019appui aux d\u00e9flat\u00e9s et retrait\u00e9s (FONADR) qui est l\u00e0, m\u00eame si tout le monde ne peut pas y acc\u00e9der. Les personnes \u00e2g\u00e9es en tant que tel, ne peuvent pas acc\u00e9der \u00e0 ce fonds. Vous avez plus de 90% des personnes \u00e2g\u00e9es au Burkina Faso qui ne sont prises en compte nulle part. Elles n\u2019ont aucun syst\u00e8me de couverture sociale. Qu\u2019est-ce qu\u2019on fait de ces gens-l\u00e0 ? Voil\u00e0 une des difficult\u00e9s que nous rencontrons : faire comprendre aux gens que les personnes \u00e2g\u00e9es ne se limitent pas aux retrait\u00e9s. Tout ce que nous menons comme actions aujourd\u2019hui, visite m\u00e9dicale gratuite, CARFO, CNSS, FONADR, c\u2019est pour les retrait\u00e9s. S : Mais qu\u2019est-ce qui est fait \u00e0 votre niveau pour faciliter la compr\u00e9hension du public ? J.A.T : Quand nous avons l\u2019opportunit\u00e9 comme vous nous le donnez. A la mise en place de nos bureaux, nous invitons tous les d\u00e9cideurs pour en parler. Vous serez surpris de la r\u00e9action de certains responsables quand vous dites que les personnes \u00e2g\u00e9es ne sont pas toutes des retrait\u00e9s. De toutes les fa\u00e7ons, vous pouvez faire l\u2019exp\u00e9rience. Si vous dites que vous \u00e9tiez au si\u00e8ge du Conseil national des personnes \u00e2g\u00e9es (CNPA), on va vous dire ah !, Antoine Nanga. Et vous serez oblig\u00e9s de dire non. Il y a un effort \u00e0 faire et justement, nous sollicitons la contribution des m\u00e9dias pour que les gens sachent qu\u2019il y a des personnes \u00e2g\u00e9es qui ne b\u00e9n\u00e9ficient d\u2019aucun soutien et qui souhaitent en avoir. Et notre r\u00f4le est de regrouper ces personnes-l\u00e0 pour faire valoir leurs droits parce qu\u2019il y a une loi vot\u00e9e qui attend d\u2019\u00eatre appliqu\u00e9e. En dehors des difficult\u00e9s financi\u00e8res bien s\u00fbres qui ne permettent pas de tout faire, il n\u2019y a qu\u2019\u00e0 Ouagadougou et Bobo-Dioulasso o\u00f9 nous disposons de centre. Notre minist\u00e8re de tutelle technique, le minist\u00e8re en charge de la solidarit\u00e9 nationale a construit ce centre en 2011 et l\u2019a mis gracieusement \u00e0 notre disposition pour servir de si\u00e8ge. Le m\u00eame centre existe \u00e0 Bobo-Dioulasso. Mais en dehors de ces deux r\u00e9gions, il n\u2019y en a pas d\u2019autres. Si les moyens financiers suivaient certainement, qu\u2019on aurait eu les m\u00eames centres ailleurs. Ce sont des centres d\u2019\u00e9coute, de soins et de loisirs pour les personnes \u00e2g\u00e9es, c\u2019est-\u00e0-dire des maisons pour personnes \u00e2g\u00e9es comme on a les maisons des jeunes ; des endroits o\u00f9 les personnes \u00e2g\u00e9es peuvent se retrouver pour leurs loisirs et autres. Tout cela constitue le frein \u00e0 la mobilisation en fait des personnes \u00e2g\u00e9es et c\u2019est pourquoi nous d\u00e9veloppons aussi le th\u00e8me de la solidarit\u00e9 intra-g\u00e9n\u00e9rationnelle, c\u2019est-\u00e0-dire, entre personnes \u00e2g\u00e9es. Et l\u2019une des difficult\u00e9s, c\u2019est comment communiquer pour que les personnes \u00e2g\u00e9es les mieux loties que sont les retrait\u00e9s et les nombreuses personnes \u00e2g\u00e9es en activit\u00e9 dans tous les secteurs de d\u00e9veloppement puissent contribuer \u00e0 la prise en charge des personnes \u00e2g\u00e9es vuln\u00e9rables. Parce que la vuln\u00e9rabilit\u00e9 n\u2019est pas l\u2019apanage des personnes \u00e2g\u00e9es pour qu\u2019on puisse les consid\u00e9rer toutes comme des impotents. Je donne toujours l\u2019exemple en disant qu\u2019un b\u00e9b\u00e9 qui vient de na\u00eetre qu\u2019on a ramass\u00e9 dans la poubelle est plus vuln\u00e9rable qu\u2019une personne \u00e2g\u00e9e vuln\u00e9rable. Il y a certes des personnes \u00e2g\u00e9es vuln\u00e9rables mais il y a aussi des personnes \u00e2g\u00e9es qui sont \u00e0 l\u2019aise et qui ne sont pas dans la mis\u00e8re ; celles-ci devraient pouvoir s\u2019organiser pour permettre la prise en charge des personnes \u00e2g\u00e9es vuln\u00e9rables. Et c\u2019est en cela que nous comptons mobiliser toutes ces personnes \u00e0 adh\u00e9rer massivement au CNPA-BF.<\/p>\n<p><strong>S : Quels sont les prochains d\u00e9fis que votre association compte relever ? <\/strong><\/p>\n<p><strong>J.A.T.<\/strong> : Le d\u00e9fi, c\u2019est continuer de faire l\u2019effort de mobilisation des personnes \u00e2g\u00e9es. Par exemple, au moment o\u00f9 nous parlions de 300 000 cotisants pour mobiliser 150 millions, c\u2019\u00e9tait sur la base de 712 573 personnes \u00e2g\u00e9es recens\u00e9es en 2006. Maintenant qu\u2019on est \u00e0 1 030 609, pourquoi ne pas compter sur 400 000 ou 500 000 ? Le taux de 500 FCFA\/an a \u00e9t\u00e9 judicieusement fix\u00e9 pour permettre aux personnes g\u00e9n\u00e9reuses de payer pour les personnes \u00e2g\u00e9es les plus d\u00e9munies. Par exemple, quand nous avons mis en place en 2020, le bureau de Saaba, deux mois apr\u00e8s, il avait mobilis\u00e9 150 personnes et pour 2021 le maire de la commune de Saaba \u00e0 qui, je renouvelle mes remerciements \u00e0 payer la cotisation annuelle de 200 membres. Si les personnes \u00e2g\u00e9es prennent conscience de leurs capacit\u00e9s, elles peuvent se mobiliser et accompagner le gouvernement. Car il y a beaucoup de priorit\u00e9s aujourd\u2019hui et les personnes \u00e2g\u00e9es peuvent \u00eatre la solution en soulageant un tant soit peu le budget de l\u2019Etat par une autoprise en charge. J\u2019ai un mandat qui finit en 2023. Si d\u2019ici la fin, j\u2019atteins 100 000 adh\u00e9sions, cela sera vraiment bien. Le gros d\u00e9fi, c\u2019est d\u2019abord la mobilisation et apr\u00e8s cela, nous aurons des ressources et serons alors plus cr\u00e9dibles. Cela va permettre aux autres de nous venir en aide.<\/p>\n<p><strong>S : Le 1er octobre sera c\u00e9l\u00e9br\u00e9 la Journ\u00e9e internationale des personnes \u00e2g\u00e9es. Pensez-vous que vos pr\u00e9occupations trouvent des solutions au Burkina ? <\/strong><\/p>\n<p><strong>J.A.T.<\/strong> : C\u2019est une question dont la r\u00e9ponse n\u2019est pas simple. Et on va faire ce que les Fran\u00e7ais appellent une r\u00e9ponse de Normand. C\u2019est oui et non. C\u2019est oui parce que les pr\u00e9occupations sont prises en compte depuis pratiquement 2002 avec la participation du gouvernement \u00e0 la Conf\u00e9rence internationale de Madrid sur le vieillissement et les personnes \u00e2g\u00e9es et toutes les autres rencontres internationales qui ont suivi. En 2011, notre minist\u00e8re de la Justice a fait un rapport sur l\u2019\u00e9tat des droits des personnes \u00e2g\u00e9es au Burkina Faso. Tous les probl\u00e8mes des personnes \u00e2g\u00e9es ont \u00e9t\u00e9 recens\u00e9s en termes de droits \u00e0 leur accorder. L\u2019Assembl\u00e9e nationale a vot\u00e9 la loi n\u00b0024, portant promotion et protection des droits des personnes \u00e2g\u00e9es, le 17 octobre 2016. Tout est pr\u00e9vu dedans notamment l\u2019instauration d\u2019une carte de la personne \u00e2g\u00e9e qui donne droit \u00e0 un certain nombre d\u2019avantages. De 2016 \u00e0 aujourd\u2019hui, aucun texte d\u2019application de cette loi n\u2019a \u00e9t\u00e9 pris. Alors, vous vous imaginez ! La session ordinaire de 2019 du Conseil \u00e9conomique et social a \u00e9t\u00e9 b\u00e2tie sur la promotion des droits des personnes \u00e2g\u00e9es. Je vous donne le point de ce qui est fait officiellement, sans compter la multitude d\u2019associations qui m\u00e8nent des actions en faveur des personnes \u00e2g\u00e9es. Le minist\u00e8re de la Sant\u00e9, a en projet, deux centres de g\u00e9riatrie, un \u00e0 Ouagadougou et un \u00e0 Bobo-Dioulasso. Je crois que celui de Ouagadougou est pratiquement termin\u00e9. Peut-\u00eatre qu\u2019on attend les \u00e9quipements et l\u2019inauguration. Mais, la partie \u00ab non \u00bb de ma r\u00e9ponse concerne la loi qui a \u00e9t\u00e9 vot\u00e9e depuis 2016 avec z\u00e9ro effet sur le terrain. Les centres de g\u00e9riatrie sont toujours en chantier et nous attendons leur entr\u00e9e en service. Les actions que l\u2019on m\u00e8ne en ce moment, qu\u2019elles soient du public, du priv\u00e9 ou de la soci\u00e9t\u00e9 civile, sont trop ponctuelles et infimes par rapport \u00e0 la masse des personnes \u00e2g\u00e9es vuln\u00e9rables dans le besoin. Il y a par exemple des maisons de solidarit\u00e9 \u00e0 travers le pays, publiques ou d\u2019organismes caritatifs qui recueillent les exclus sociaux et des d\u00e9munis mais le plus souvent, il ne s\u2019agit pas de personnes \u00e2g\u00e9es en dehors des maisons de retraite de certaines confessions religieuses. Nous constatons qu\u2019il y a une dizaine d\u2019ann\u00e9es, en dehors de la devanture des mosqu\u00e9es o\u00f9 on trouvait les personnes \u00e2g\u00e9es qui demandent l\u2019aum\u00f4ne, on ne les rencontrait pas en train de qu\u00e9mander dans les rues. Aujourd\u2019hui, on les voit de plus en plus dans les carrefours en train de le faire. Avant, il y avait une solidarit\u00e9 familiale qui faisait qu\u2019on ne les laissait pas sortir. Par rapport \u00e0 ce 1er octobre, nous souhaitons que ce soit une journ\u00e9e de solidarit\u00e9 envers les personnes \u00e2g\u00e9es vuln\u00e9rables. Il faut que le 1er octobre devienne populaire comme le 8-Mars. Il n\u2019y a pas une femme au Burkina Faso qui ne sait pas que le 8-Mars est que la Journ\u00e9e internationale de la femme. Quand vous parlez de la Journ\u00e9e internationale des personnes \u00e2g\u00e9es, les gens sont un peu surpris. Il faut que nous fassions une communication pour que les gens sachent que le 1er octobre, c\u2019est une journ\u00e9e des personnes \u00e2g\u00e9es. Et nous allons prendre en compte leur pr\u00e9occupation qui est essentiellement la sant\u00e9 ; \u00e0 cet effet, un plan d\u2019actions est en cours d\u2019\u00e9laboration. Les perspectives permettent de croire que cela sera fait. Le Premier ministre a annonc\u00e9 \u00e0 l\u2019Assembl\u00e9e nationale, l\u2019extension de la gratuit\u00e9 des soins au profit des personnes \u00e2g\u00e9es. C\u2019est aussi, inscrit dans le programme du pr\u00e9sident du Faso. C\u2019est une perspective heureuse que nous attendons. Si, cela pouvait tomber le 1er octobre 2021, ce sera une bonne annonce. Nous sommes aussi dans la dynamique de demander l\u2019ouverture d\u2019un cabinet m\u00e9dical dans notre centre pour contribuer \u00e0 la prise en charge de la sant\u00e9 des personnes \u00e2g\u00e9es.<\/p>\n<p><strong>S : Il est aujourd\u2019hui de plus en plus question de reconstitution de cellule familiale pour la coh\u00e9sion sociale, qu\u2019en pensez-vous en tant que personne \u00e2g\u00e9e. <\/strong><\/p>\n<p><strong>J.A.T.<\/strong> :Chacun revient sur la reconstitution de la cellule familiale mais je crois qu\u2019il ne s\u2019agit pas seulement de la famille nucl\u00e9aire, papa- maman-enfants. Pour moi il faut voir la famille \u00e0 l\u2019Africaine. Au niveau du CNPA-BF, nous avons pr\u00e9vu dans notre document d\u2019orientation strat\u00e9gique, d\u2019organiser des \u00e9changes sur les v\u00e9cus des personnes \u00e2g\u00e9es. Nous partons du principe que, c\u2019est en voulant donner des le\u00e7ons aux jeunes g\u00e9n\u00e9rations que le message ne passe pas. Puisque chaque fois que vous allez vouloir donner une le\u00e7on, on vous dira que votre temps est pass\u00e9. Mais, si vous arrivez \u00e0 \u00e9changer avec quelqu\u2019un et vous lui dites : voil\u00e0 ce que moi j\u2019ai fait, ce que moi j\u2019ai vu, mais ne lui dites pas ce qu\u2019il fait n\u2019est pas bon. C\u2019est ce que j\u2019ai appel\u00e9 les \u00e9changes sur le v\u00e9cu. En dehors des v\u00e9cus, il y a les activit\u00e9s sociales notamment les visites aux parents, le respect du droit d\u2019a\u00eenesse, que les jeunes font de moins en moins et que les personnes \u00e2g\u00e9es continuent de faire. Ces \u00e9changes autour des v\u00e9cus et des comportements en soci\u00e9t\u00e9 africaine peuvent contribuer \u00e0 restaurer cette coh\u00e9sion sociale en d\u00e9perdition.<\/p>\n<p><strong>S : Un appel aux autorit\u00e9s pour une meilleure prise en compte des pr\u00e9occupations des personnes \u00e2g\u00e9es. <\/strong><\/p>\n<p><strong>J.A.T.<\/strong> : C\u2019est plus des appels \u00e0 tout le monde, qu\u2019un appel aux autorit\u00e9s. A l\u2019endroit du gouvernement, je souhaite que d\u2019ici la fin de l\u2019ann\u00e9e, les textes d\u2019application de la loi n\u00b0024-2016\/AN du 17 octobre 2016, portant protection et promotion des droits des personnes \u00e2g\u00e9es soient pris. Cette loi pr\u00e9voit des avantages et je crois que les personnes \u00e2g\u00e9es seront soulag\u00e9es. C\u2019est la recommandation premi\u00e8re. La deuxi\u00e8me recommandation s\u2019adresse \u00e0 toutes les bonnes volont\u00e9s physiques et morales pour qu\u2019elles adh\u00e8rent et accompagnent le CNPA-BF. Parce que nous disons que le CNPA du Burkina Faso est la seule association du pass\u00e9, du pr\u00e9sent et du futur car tout b\u00e9b\u00e9 qui na\u00eet est une personne \u00e2g\u00e9e potentielle dont il faut d\u00e8s \u00e0 pr\u00e9sent pr\u00e9parer le futur. Nous sommes aujourd\u2019hui 1 030 609 personnes \u00e2g\u00e9es et dans quelques d\u00e9cennies, notre nombre atteindra sinon d\u00e9passera celui des enfants de moins de cinq ans. Si aujourd\u2019hui, on ne met pas les moyens pour le petit million que nous sommes, qu\u2019en sera-t-il demain quand nous serons 3 ou 4 millions? Enfin mon dernier appel s\u2019adresse aux Burkinab\u00e8 de mani\u00e8re g\u00e9n\u00e9rale, le respect de la personnalit\u00e9 et de la dignit\u00e9 de la personne \u00e2g\u00e9e fera que cette derni\u00e8re sera fi\u00e8re de l\u2019\u00eatre. Il faut que chacun accepte cette gr\u00e2ce de Dieu d\u2019avoir 60 ans et plus.<\/p>\n<p style=\"text-align: right\"><strong> Interview r\u00e9alis\u00e9e par Aly SAWADOGO <\/strong><\/p>\n<p>L\u2019article <a rel=\"nofollow\" href=\"https:\/\/www.sidwaya.info\/blog\/2021\/09\/29\/journee-internationale-des-personnes-agees-que-chacun-accepte-cette-grace-de-dieu-davoir-60-ans-et-plus-joseph-andre-tiendrebeogo\/\">Journ\u00e9e internationale des personnes \u00e2g\u00e9es : \u00ab que chacun accepte cette gr\u00e2ce de Dieu d\u2019avoir 60 ans et plus \u00bb, Joseph Andr\u00e9 Tiendr\u00e9b\u00e9ogo<\/a> est apparu en premier sur <a rel=\"nofollow\" href=\"https:\/\/www.sidwaya.info\/\">Quotidien Sidwaya<\/a>.<\/p>\n<\/div>\n<p>Auteur: BM. Sidwaya<br \/>\n<a href=\"https:\/\/www.sidwaya.info\/blog\/2021\/09\/29\/journee-internationale-des-personnes-agees-que-chacun-accepte-cette-grace-de-dieu-davoir-60-ans-et-plus-joseph-andre-tiendrebeogo\/\">Cliquez ici pour lire l&rsquo;article depuis sa source.<\/a><\/p>\n","protected":false},"excerpt":{"rendered":"<p>La Journ\u00e9e internationale des personnes \u00e2g\u00e9es est c\u00e9l\u00e9br\u00e9e, le 1er octobre de chaque ann\u00e9e. A l\u2019occasion de l\u2019\u00e9dition 2021, le pr\u00e9sident du Conseil national des personnes \u00e2g\u00e9es, Joseph Andr\u00e9 Tiendr\u00e9b\u00e9ogo, a accord\u00e9 une interview \u00e0 Sidwaya. Dans cet entretien, il s\u2019est exprim\u00e9 sur, entre autres, l\u2019\u00e9volution de l\u2019association depuis 2020, les difficult\u00e9s auxquelles elle fait [&hellip;]<\/p>\n","protected":false},"author":1816,"featured_media":0,"comment_status":"closed","ping_status":"closed","sticky":false,"template":"","format":"standard","meta":{"fifu_image_url":"https:\/\/www.sidwaya.info\/wp-content\/uploads\/2021\/09\/1-74-300x200.jpg","fifu_image_alt":"Journ\u00e9e internationale des personnes \u00e2g\u00e9es : \u00ab que chacun accepte cette gr\u00e2ce de Dieu d\u2019avoir 60 ans et plus \u00bb, Joseph Andr\u00e9 Tiendr\u00e9b\u00e9ogo","footnotes":""},"categories":[73,81],"tags":[],"class_list":["post-128573","post","type-post","status-publish","format-standard","hentry","category-actualite","category-burkina-faso"],"_links":{"self":[{"href":"https:\/\/linitiative.ca\/International\/wp-json\/wp\/v2\/posts\/128573","targetHints":{"allow":["GET"]}}],"collection":[{"href":"https:\/\/linitiative.ca\/International\/wp-json\/wp\/v2\/posts"}],"about":[{"href":"https:\/\/linitiative.ca\/International\/wp-json\/wp\/v2\/types\/post"}],"author":[{"embeddable":true,"href":"https:\/\/linitiative.ca\/International\/wp-json\/wp\/v2\/users\/1816"}],"replies":[{"embeddable":true,"href":"https:\/\/linitiative.ca\/International\/wp-json\/wp\/v2\/comments?post=128573"}],"version-history":[{"count":0,"href":"https:\/\/linitiative.ca\/International\/wp-json\/wp\/v2\/posts\/128573\/revisions"}],"wp:attachment":[{"href":"https:\/\/linitiative.ca\/International\/wp-json\/wp\/v2\/media?parent=128573"}],"wp:term":[{"taxonomy":"category","embeddable":true,"href":"https:\/\/linitiative.ca\/International\/wp-json\/wp\/v2\/categories?post=128573"},{"taxonomy":"post_tag","embeddable":true,"href":"https:\/\/linitiative.ca\/International\/wp-json\/wp\/v2\/tags?post=128573"}],"curies":[{"name":"wp","href":"https:\/\/api.w.org\/{rel}","templated":true}]}}