{"id":128575,"date":"2021-09-29T17:37:19","date_gmt":"2021-09-29T21:37:19","guid":{"rendered":"https:\/\/linitiative.ca\/International\/assemblee-nationale-la-loi-de-finances-2022-sur-la-table-des-deputes\/"},"modified":"2021-09-29T17:37:19","modified_gmt":"2021-09-29T21:37:19","slug":"assemblee-nationale-la-loi-de-finances-2022-sur-la-table-des-deputes","status":"publish","type":"post","link":"https:\/\/linitiative.ca\/International\/assemblee-nationale-la-loi-de-finances-2022-sur-la-table-des-deputes\/","title":{"rendered":"Assembl\u00e9e nationale : la loi de finances 2022 sur la table des d\u00e9put\u00e9s"},"content":{"rendered":"<div>\n<p><strong>La deuxi\u00e8me session parlementaire de l\u2019Assembl\u00e9e nationale s\u2019est ouverte, le mercredi 29 septembre 2021, sous l\u2019\u00e9gide de son pr\u00e9sident, Alassane Bala Sakand\u00e9. Cette session sera consacr\u00e9e, entre autres, \u00e0 l\u2019examen et \u00e0 l\u2019adoption de la loi de finances, exercice 2022.<\/strong><\/p>\n<p>Les \u00e9lus du peuple ont repris le chemin de l\u2019h\u00e9micycle, apr\u00e8s quelques mois de vacances. En effet, l\u2019ouverture solennelle de la IIe session parlementaire est intervenue dans l\u2019apr\u00e8s-midi du mercredi 29 septembre 2021, \u00e0 Ouagadougou. Elle a connu la pr\u00e9sence du Premier ministre, Christophe Joseph Marie Dabir\u00e9, de certains membres du gouvernement, des pr\u00e9sidents d\u2019institution et la participation d\u2019une d\u00e9l\u00e9gation ghan\u00e9enne conduite par le 1er vice-pr\u00e9sident de son parlement, Joseph Ose\u00ef Oussou. L\u2019ex\u00e9cution de l\u2019hymne national, suivi de l\u2019observation d\u2019une minute de silence \u00e0 la m\u00e9moire des disparus de la Nation, le discours officiel d\u2019ouverture et le message du chef de la d\u00e9l\u00e9gation invit\u00e9e ont constitu\u00e9 les temps forts de l\u2019ouverture de cette IIe session parlementaire.<\/p>\n<figure id=\"attachment_40205\" aria-describedby=\"caption-attachment-40205\" style=\"width: 300px\" class=\"wp-caption alignleft\"><img decoding=\"async\" loading=\"lazy\" class=\"wp-image-40205 size-medium\" src=\"https:\/\/linitiative.ca\/International\/wp-content\/uploads\/sites\/23\/2021\/09\/1-75-300x200-1.jpg\" alt=\"\" width=\"300\" height=\"200\" srcset=\"https:\/\/linitiative.ca\/International\/wp-content\/uploads\/sites\/23\/2021\/09\/1-75-300x200-1.jpg 300w, https:\/\/www.sidwaya.info\/wp-content\/uploads\/2021\/09\/1-75-150x100.jpg 150w, https:\/\/www.sidwaya.info\/wp-content\/uploads\/2021\/09\/1-75.jpg 595w\" sizes=\"auto, (max-width: 300px) 100vw, 300px\"><figcaption id=\"caption-attachment-40205\" class=\"wp-caption-text\">Les d\u00e9put\u00e9s auront sur leur table une dizaine de projets de loi \u00e0 examiner.<\/figcaption><\/figure>\n<p>Le Pr\u00e9sident de l\u2019Assembl\u00e9e nationale, Alassane Bala Sakand\u00e9, \u00e0 l\u2019entame de son intervention, est revenu sur la Journ\u00e9e de redevabilit\u00e9 que son institution a organis\u00e9 \u00e0 Bobo Dioulasso, en juillet dernier sur le th\u00e8me : \u00ab Culture de la redevabilit\u00e9 : un imp\u00e9ratif pour un parlement de proximit\u00e9 \u00bb. V\u00e9ritable rendez-vous du \u00ab donner et du recevoir \u00bb, de l\u2019avis du chef du Parlement burkinab\u00e8, ces journ\u00e9es ont permis de mieux faire conna\u00eetre l\u2019Assembl\u00e9e nationale, ses missions, le r\u00f4le du d\u00e9put\u00e9 et d\u2019entendre surtout les attentes et les pr\u00e9occupations des populations. \u00ab Tirant le\u00e7on des causes de la crise de confiance entre repr\u00e9sen-tants et repr\u00e9sent\u00e9s, entre gouvernants et gouvern\u00e9s, les d\u00e9put\u00e9s de la VIIIe l\u00e9gislature ont pris l\u2019engagement \u00e0 Bobo-Dioulasso de donner une suite parlementaire aux pr\u00e9occupations qui ont \u00e9t\u00e9 exprim\u00e9es \u00bb, a rappel\u00e9 Bala Sakand\u00e9.<\/p>\n<h1 style=\"text-align: center\"><strong>La loi de finances, exercice 2022, <\/strong><\/h1>\n<h1 style=\"text-align: center\"><strong>plat de r\u00e9sistance<\/strong><\/h1>\n<p>L\u2019ouverture de la pr\u00e9sente session, a-t-il soulign\u00e9, se tient dans un contexte g\u00e9opolitique marqu\u00e9 par \u00ab une crise aig\u00fce de confiance \u00bb qui, selon lui, n\u2019\u00e9pargne aucun secteur de la vie sociale. C\u2019est pourquoi, il a fait une mention sp\u00e9ciale \u00e0 l\u2019endroit du gouvernant pour les efforts qu\u2019il consent afin de b\u00e9n\u00e9ficier de la confiance du peuple, \u00e0 travers les mesures visant la moralisation et la transparence de la vie publique. M. Sakand\u00e9 a, pour ce faire, exhort\u00e9 le gouvernement \u00e0 davantage d\u2019actions, pour l\u2019impl\u00e9men-tation d\u2019une culture de la redevabilit\u00e9 dans l\u2019action gouvernementale.<\/p>\n<p>Dans ce sens, le pr\u00e9sident de l\u2019Assembl\u00e9e nationale a souhait\u00e9 la relecture de la loi N\u00b0 039-2016 AN du 02 d\u00e9cembre 2016 portant R\u00e9glementation g\u00e9n\u00e9rale de la commande publique et les d\u00e9crets portant proc\u00e9dures de passation, d\u2019ex\u00e9cution et de r\u00e8glement des march\u00e9s publics et des d\u00e9l\u00e9gations de service public. \u00ab L\u2019Assembl\u00e9e nationale prend l\u2019engagement de rendre la loi de finances plus accessible au plus grand nombre \u00bb, a promis le chef du Parlement. Revenant sur le contenu de cette IIe session parlementaire, M. Sakand\u00e9 a indiqu\u00e9 qu\u2019elle sera consacr\u00e9e \u00e0 l\u2019examen et \u00e0 l\u2019adoption de la loi de finances, exercice 2022.<\/p>\n<p>Outre ce projet de loi de finances, a-t-il relev\u00e9, une dizaine de projets de lois seront \u00e9galement \u00e0 l\u2019ordre du jour. Il a cit\u00e9, entre autres, le projet de loi portant organisation et r\u00e8glementa-tion des activit\u00e9s statistiques, le projet de loi d\u2019orientation de l\u2019organisation g\u00e9n\u00e9rale de l\u2019Administration du territoire au Burkina Faso, le projet de loi portant r\u00e8glementation et promotion du volontariat au Burkina Faso et celui portant sur la r\u00e9vision du Code \u00e9lectoral. Il a au nom de la Repr\u00e9sentation nationale, salu\u00e9 la pr\u00e9sence de la d\u00e9l\u00e9gation ghan\u00e9enne qui, \u00e0 l\u2019entendre traduit, l\u2019excellence des relations entre les Parlements des deux pays qui, a-t-il dit, entretiennent des liens s\u00e9culaires. Le 1er vice-Pr\u00e9sident de l\u2019Assemble nationale du Ghana, Joseph Ose\u00ef Oussou, pour sa part, a souhait\u00e9 que cette coop\u00e9ration interparle-mentaire puisse se renforcer pour le bien de leur peuple respectif. Cette deuxi\u00e8me session ordinaire, la derni\u00e8re de l\u2019ann\u00e9e, est pr\u00e9vue se refermer le 27 d\u00e9cembre 2021.<\/p>\n<p style=\"text-align: right\"><strong>Souma\u00efla BONKOUNGOU <\/strong><\/p>\n<p>L\u2019article <a rel=\"nofollow\" href=\"https:\/\/www.sidwaya.info\/blog\/2021\/09\/29\/assemblee-nationale-la-loi-de-finances-2022-sur-la-table-des-deputes\/\">Assembl\u00e9e nationale : la loi de finances 2022 sur la table des d\u00e9put\u00e9s<\/a> est apparu en premier sur <a rel=\"nofollow\" href=\"https:\/\/www.sidwaya.info\/\">Quotidien Sidwaya<\/a>.<\/p>\n<\/div>\n<p>Auteur: BM. Sidwaya<br \/>\n<a href=\"https:\/\/www.sidwaya.info\/blog\/2021\/09\/29\/assemblee-nationale-la-loi-de-finances-2022-sur-la-table-des-deputes\/\">Cliquez ici pour lire l&rsquo;article depuis sa source.<\/a><\/p>\n","protected":false},"excerpt":{"rendered":"<p>La deuxi\u00e8me session parlementaire de l\u2019Assembl\u00e9e nationale s\u2019est ouverte, le mercredi 29 septembre 2021, sous l\u2019\u00e9gide de son pr\u00e9sident, Alassane Bala Sakand\u00e9. Cette session sera consacr\u00e9e, entre autres, \u00e0 l\u2019examen et \u00e0 l\u2019adoption de la loi de finances, exercice 2022. Les \u00e9lus du peuple ont repris le chemin de l\u2019h\u00e9micycle, apr\u00e8s quelques mois de vacances. [&hellip;]<\/p>\n","protected":false},"author":1816,"featured_media":0,"comment_status":"closed","ping_status":"closed","sticky":false,"template":"","format":"standard","meta":{"fifu_image_url":"https:\/\/www.sidwaya.info\/wp-content\/uploads\/2021\/09\/1-75-300x200.jpg","fifu_image_alt":"Assembl\u00e9e nationale : la loi de finances 2022 sur la table des d\u00e9put\u00e9s","footnotes":""},"categories":[73,81],"tags":[],"class_list":["post-128575","post","type-post","status-publish","format-standard","hentry","category-actualite","category-burkina-faso"],"_links":{"self":[{"href":"https:\/\/linitiative.ca\/International\/wp-json\/wp\/v2\/posts\/128575","targetHints":{"allow":["GET"]}}],"collection":[{"href":"https:\/\/linitiative.ca\/International\/wp-json\/wp\/v2\/posts"}],"about":[{"href":"https:\/\/linitiative.ca\/International\/wp-json\/wp\/v2\/types\/post"}],"author":[{"embeddable":true,"href":"https:\/\/linitiative.ca\/International\/wp-json\/wp\/v2\/users\/1816"}],"replies":[{"embeddable":true,"href":"https:\/\/linitiative.ca\/International\/wp-json\/wp\/v2\/comments?post=128575"}],"version-history":[{"count":0,"href":"https:\/\/linitiative.ca\/International\/wp-json\/wp\/v2\/posts\/128575\/revisions"}],"wp:attachment":[{"href":"https:\/\/linitiative.ca\/International\/wp-json\/wp\/v2\/media?parent=128575"}],"wp:term":[{"taxonomy":"category","embeddable":true,"href":"https:\/\/linitiative.ca\/International\/wp-json\/wp\/v2\/categories?post=128575"},{"taxonomy":"post_tag","embeddable":true,"href":"https:\/\/linitiative.ca\/International\/wp-json\/wp\/v2\/tags?post=128575"}],"curies":[{"name":"wp","href":"https:\/\/api.w.org\/{rel}","templated":true}]}}