{"id":128586,"date":"2021-09-29T16:18:02","date_gmt":"2021-09-29T20:18:02","guid":{"rendered":"https:\/\/linitiative.ca\/International\/grand-bassam-plus-de-500-personnes-depistees-lors-de-la-journee-mondiale-du-coeur\/"},"modified":"2021-09-29T16:18:02","modified_gmt":"2021-09-29T20:18:02","slug":"grand-bassam-plus-de-500-personnes-depistees-lors-de-la-journee-mondiale-du-coeur","status":"publish","type":"post","link":"https:\/\/linitiative.ca\/International\/grand-bassam-plus-de-500-personnes-depistees-lors-de-la-journee-mondiale-du-coeur\/","title":{"rendered":"Grand-Bassam: plus de 500 personnes d\u00e9pist\u00e9es lors de la Journ\u00e9e mondiale du coeur"},"content":{"rendered":"<div>\n<p><img loading=\"lazy\" decoding=\"async\" width=\"800\" height=\"533\" src=\"https:\/\/linitiative.ca\/International\/wp-content\/uploads\/sites\/23\/2021\/09\/16329466828120.jpg\" class=\"attachment-post-thumbnail size-post-thumbnail wp-post-image\" alt=\"\" srcset=\"https:\/\/linitiative.ca\/International\/wp-content\/uploads\/sites\/23\/2021\/09\/16329466828120.jpg 800w, https:\/\/www.journalducameroun.com\/wp-content\/uploads\/2021\/09\/16329466828120-300x200.jpg 300w, https:\/\/www.journalducameroun.com\/wp-content\/uploads\/2021\/09\/16329466828120-768x512.jpg 768w, https:\/\/www.journalducameroun.com\/wp-content\/uploads\/2021\/09\/16329466828120-660x440.jpg 660w, https:\/\/www.journalducameroun.com\/wp-content\/uploads\/2021\/09\/16329466828120-600x400.jpg 600w\" sizes=\"auto, (max-width: 800px) 100vw, 800px\"><\/p>\n<p>Plus de 500 personnes ont \u00e9t\u00e9 d\u00e9pist\u00e9es de l&rsquo;hypertension art\u00e9rielle, du diab\u00e8te et des maladies cardiaques, \u00e0 l&rsquo;occasion de la 13e \u00e9dition de la Journ\u00e9e mondiale du coeur, c\u00e9l\u00e9br\u00e9e mercredi officiellement \u00e0 Grand-Bassam, au Sud-est d&rsquo;Abidjan.<\/p>\n<p>L&rsquo;\u00e9dition 2021 de la Journ\u00e9e mondiale du c\u0153ur, abrit\u00e9e par la ville historique de Grand-Bassam, \u00e9tait organis\u00e9e par le Programme national de lutte contre les maladies m\u00e9taboliques avec plusieurs partenaires dont le g\u00e9ant agroalimentaire Nestl\u00e9. \u00a0<\/p>\n<p>Des s\u00e9ances gratuites de d\u00e9pistage de l&rsquo;hypertension art\u00e9rielle, du diab\u00e8te, de l&rsquo;ob\u00e9sit\u00e9, de la cardiopathie ont eu lieu dans des quartiers et villages de Grand-Bassam, notamment \u00e0 Carrefour jeunesse, au quartier France et \u00e0 Vitr\u00e9.<\/p>\n<p>Chaque ann\u00e9e, \u00e0 cette m\u00eame p\u00e9riode, le minist\u00e8re de la Sant\u00e9, de l&rsquo;hygi\u00e8ne publique et de la couverture maladie universelle, sensibilise les populations sur les maladies cardiovasculaires. Cette activit\u00e9 a \u00e9t\u00e9 \u00e9galement meubl\u00e9e par une s\u00e9ance de fitness avec des \u00e9l\u00e8ves.\u00a0<\/p>\n<p>Le directeur de Cabinet\u00a0Dr Charles Koffi Aka, repr\u00e9sentant le minist\u00e8re de la Sant\u00e9, de l&rsquo;hygi\u00e8ne publique et de la couverture maladie universelle a appel\u00e9 les d\u00e9cideurs, le secteur priv\u00e9 ainsi que la soci\u00e9t\u00e9 civile \u00e0 une meilleure implication dans les actions de pr\u00e9vention et de prise en charge des maladies cardiovasculaires.<\/p>\n<p>Selon l&rsquo;Organisation mondiale de la sant\u00e9, les maladies cardiovasculaires sont la premi\u00e8re cause de mortalit\u00e9 dans le monde. On estime \u00e0 17,5 millions le nombre de d\u00e9c\u00e8s, soit 31% de la mortalit\u00e9 sur la plan\u00e8te en 2012 et 82% se produisent dans les pays \u00e0 revenus interm\u00e9diaires.<\/p>\n<p>D&rsquo;ici 2030, pr\u00e8s de 23 millions de personnes mourront de maladies cardiovasculaires, principalement des cardiopathies telles que les crises cardiaques et les AVC. Une personne sur 10 dont l&rsquo;\u00e2ge est compris entre 30 et 70 ans d\u00e9c\u00e9dera d&rsquo;une maladie cardiovasculaire.\u00a0<\/p>\n<p>Pour faire face \u00e0 ce d\u00e9fi, l&rsquo;Etat de C\u00f4te d&rsquo;Ivoire s&rsquo;est dot\u00e9 d&rsquo;une politique nationale de lutte contre les maladies non transmissibles. Le pays subventionne des traitements m\u00e9dicamenteux de maladies cardiovasculaires et des cardiopathies n\u00e9cessitant un appareil.\u00a0<\/p>\n<p>La C\u00f4te d&rsquo;Ivoire dispose de neuf unit\u00e9s mobiles polyvalents pour le d\u00e9pistage et la prise en charge pr\u00e9coce des maladies, surtout les maladies non transmissibles en milieu rural, afin de toucher toutes les populations.<\/p>\n<p>Un deuxi\u00e8me institut de cardiologie est en construction \u00e0 Bouak\u00e9, la m\u00e9tropole du centre ivoirien. Le directeur de Cabinet invite les populations \u00e0 arr\u00eater le tabagisme, r\u00e9duire le stress en se relaxant et en prenant du repos.\u00a0<\/p>\n<p>Dr Charles Koffi Aka a recommand\u00e9 aux populations la pratique du sport et l&rsquo;adoption d&rsquo;un comportement sain, \u00e0 savoir mesurer r\u00e9guli\u00e8rement sa pression art\u00e9rielle, conna\u00eetre son taux de cholest\u00e9rol, varier les fruits et l\u00e9gumes, doser sa consommation de sucre et manger sainement.\u00a0<\/p>\n<p>Il a appel\u00e9 par ailleurs les populations \u00e0 respecter les mesures barri\u00e8res relatives \u00e0 la Covid-19 et \u00e0 se faire vacciner, tout en soulignant que les cardiopathies sont des facteurs de co-morbidit\u00e9. La C\u00f4te d&rsquo;Ivoire a franchi mardi la barre de 2 millions de vaccin\u00e9s.\u00a0<\/p>\n<p>Le directeur g\u00e9n\u00e9ral de Nestl\u00e9 C\u00f4te d&rsquo;Ivoire, Thomas Caso, a relev\u00e9 que son entreprise, soucieuse du bien-\u00eatre des populations, a am\u00e9lior\u00e9 le profil nutritionnel de leurs produits, en particulier le bouillon Maggi.<\/p>\n<p>\u00ab\u00a0Depuis 2020, Maggi Tablette Light a \u00e9t\u00e9 mis sur le march\u00e9 avec une teneur r\u00e9duite en sel, de l&rsquo;ordre de 15% et l&rsquo;addition de sel de potasium comme substitut pour conserver le bon go\u00fbt\u00a0\u00bb, a-t-il renseign\u00e9.<\/p>\n<p>Les maladies cardiovasculaires sont la premi\u00e8re cause de d\u00e9c\u00e8s dans le monde. En Afrique, 1 million de d\u00e9c\u00e8s sont recens\u00e9s par an. En C\u00f4te d&rsquo;Ivoire, l&rsquo;hypertension art\u00e9rielle est la maladie cardiovasculaire la plus r\u00e9pandue.\u00a0<\/p>\n<p>Les principaux facteurs de risques sont de nature comportementale et peuvent \u00eatre pr\u00e9venus : le tabagisme, le diab\u00e8te, l&rsquo;hypertension art\u00e9rielle et l&rsquo;ob\u00e9sit\u00e9. Le th\u00e8me de cette journ\u00e9e est \u00ab\u00a0Prends soin de ton coeur\u00a0\u00bb.\u00a0<\/p>\n<p>Cet article <a rel=\"nofollow\" href=\"https:\/\/www.journalducameroun.com\/grand-bassam-plus-de-500-personnes-depistees-lors-de-la-journee-mondiale-du-coeur\/\">Grand-Bassam: plus de 500 personnes d\u00e9pist\u00e9es lors de la Journ\u00e9e mondiale du coeur<\/a> est apparu en premier sur <a rel=\"nofollow\" href=\"https:\/\/www.journalducameroun.com\/\">Journal du Cameroun<\/a>.<\/p>\n<\/div>\n<p>Auteur: APA News<br \/>\n<a href=\"https:\/\/www.journalducameroun.com\/grand-bassam-plus-de-500-personnes-depistees-lors-de-la-journee-mondiale-du-coeur\/\">Cliquez ici pour lire l&rsquo;article depuis sa source.<\/a><\/p>\n","protected":false},"excerpt":{"rendered":"<p>Plus de 500 personnes ont \u00e9t\u00e9 d\u00e9pist\u00e9es de l&rsquo;hypertension art\u00e9rielle, du diab\u00e8te et des maladies cardiaques, \u00e0 l&rsquo;occasion de la 13e \u00e9dition de la Journ\u00e9e mondiale du coeur, c\u00e9l\u00e9br\u00e9e mercredi officiellement \u00e0 Grand-Bassam, au Sud-est d&rsquo;Abidjan. L&rsquo;\u00e9dition 2021 de la Journ\u00e9e mondiale du c\u0153ur, abrit\u00e9e par la ville historique de Grand-Bassam, \u00e9tait organis\u00e9e par le [&hellip;]<\/p>\n","protected":false},"author":1965,"featured_media":0,"comment_status":"closed","ping_status":"closed","sticky":false,"template":"","format":"standard","meta":{"fifu_image_url":"https:\/\/www.journalducameroun.com\/wp-content\/uploads\/2021\/09\/16329466828120.jpg","fifu_image_alt":"Grand-Bassam: plus de 500 personnes d\u00e9pist\u00e9es lors de la Journ\u00e9e mondiale du coeur","footnotes":""},"categories":[73,82],"tags":[],"class_list":["post-128586","post","type-post","status-publish","format-standard","hentry","category-actualite","category-cameroun"],"_links":{"self":[{"href":"https:\/\/linitiative.ca\/International\/wp-json\/wp\/v2\/posts\/128586","targetHints":{"allow":["GET"]}}],"collection":[{"href":"https:\/\/linitiative.ca\/International\/wp-json\/wp\/v2\/posts"}],"about":[{"href":"https:\/\/linitiative.ca\/International\/wp-json\/wp\/v2\/types\/post"}],"author":[{"embeddable":true,"href":"https:\/\/linitiative.ca\/International\/wp-json\/wp\/v2\/users\/1965"}],"replies":[{"embeddable":true,"href":"https:\/\/linitiative.ca\/International\/wp-json\/wp\/v2\/comments?post=128586"}],"version-history":[{"count":0,"href":"https:\/\/linitiative.ca\/International\/wp-json\/wp\/v2\/posts\/128586\/revisions"}],"wp:attachment":[{"href":"https:\/\/linitiative.ca\/International\/wp-json\/wp\/v2\/media?parent=128586"}],"wp:term":[{"taxonomy":"category","embeddable":true,"href":"https:\/\/linitiative.ca\/International\/wp-json\/wp\/v2\/categories?post=128586"},{"taxonomy":"post_tag","embeddable":true,"href":"https:\/\/linitiative.ca\/International\/wp-json\/wp\/v2\/tags?post=128586"}],"curies":[{"name":"wp","href":"https:\/\/api.w.org\/{rel}","templated":true}]}}