{"id":128589,"date":"2021-09-29T12:58:11","date_gmt":"2021-09-29T16:58:11","guid":{"rendered":"https:\/\/linitiative.ca\/International\/cemac-cap-sur-la-croissance-et-la-transformation-structurelle\/"},"modified":"2021-09-29T12:58:11","modified_gmt":"2021-09-29T16:58:11","slug":"cemac-cap-sur-la-croissance-et-la-transformation-structurelle","status":"publish","type":"post","link":"https:\/\/linitiative.ca\/International\/cemac-cap-sur-la-croissance-et-la-transformation-structurelle\/","title":{"rendered":"Cemac : cap sur la croissance et la transformation structurelle"},"content":{"rendered":"<div>\n<p>4 r\u00e9solutions ont sanctionn\u00e9 le sommet extraordinaire de la Conf\u00e9rence des Chefs d\u2019\u00c9tat de la Cemac (Communaut\u00e9 \u00c9conomique des \u00c9tats de l\u2019Afrique Centrale) tenu le 18 ao\u00fbt 2021 \u00e0 Yaound\u00e9: 4 relatives \u00e0 la politique budg\u00e9taire, 4 sur la politique mon\u00e9taire et le syst\u00e8me financier, 5 r\u00e9solutions concernent l\u2019acc\u00e9l\u00e9ration des r\u00e9formes structurelles, 5 portent sur le renforcement de l\u2019int\u00e9gration r\u00e9gionale et la mise en oeuvre des projets int\u00e9grateurs, et 6 recommandations \u00e9taient relatives \u00e0 la coop\u00e9ration internationale et mon\u00e9taire. Notamment, \u00abDe mettre r\u00e9solument en \u0153uvre les politiques et r\u00e9formes prioritaires dans le cadre de la deuxi\u00e8me phase du Pr\u00e9f-Cemac pour op\u00e9rer une r\u00e9elle transformation structurelle vers l\u2019industrialisation des \u00e9conomies de la Cemac et cr\u00e9er les meilleures conditions d\u2019une croissance soutenue, \u00e9quitable tir\u00e9e par le priv\u00e9\u00bb, \u00abimpulser une nouvelle et forte dynamique \u00e0 la strat\u00e9gie r\u00e9gionale de redressement \u00e9conomique et financier, \u00e0 travers les programmes \u00e9conomique et financier de deuxi\u00e8me g\u00e9n\u00e9ration \u00e0 conclure avec le Fonds mon\u00e9taire international (FMI), appuy\u00e9s entre autres par la Banque mondiale, la Banque africaine de d\u00e9veloppement, et la France\u00bb.<\/p>\n<p><strong>Lire aussi<\/strong> : <strong><a href=\"https:\/\/ecomatin.net\/cemac-les-etats-instruisent-lacceleration-n-de-lindustrialisation-et-la-promotion-de-limport-substitution\/\">Cemac : les Etats instruisent l\u2019acc\u00e9l\u00e9ration de l\u2019industrialisation et la promotion de l\u2019import-substitution<\/a><\/strong><\/p>\n<p>\u00abL\u2019objectif de ce sommet \u00e9tait d\u2019adopter les mesures pratiques de mise en \u0153uvre des d\u00e9cisions et des recommandations que les Chefs d\u2019\u00c9tat ont adopt\u00e9es \u00e0 Yaound\u00e9 le 18 ao\u00fbt. Les Chefs d\u2019\u00c9tat ont adopt\u00e9 de hautes mesures pour s\u2019engager r\u00e9solument vers des r\u00e9formes prioritaires. Il fallait donc que conform\u00e9ment \u00e0 son mandat que le Comit\u00e9 de pilotage du Pr\u00e9f Cemac, \u00e0 savoir tous les ministres des finances, de l\u2019\u00e9conomie, et les premiers responsables des institutions communautaires se retrouvent pour traduire en actions les d\u00e9cisions du sommet\u00bb, a indiqu\u00e9 Michel-Cyr Djiena Wembou le Secr\u00e9taire permanent du Pr\u00e9f-Cemac. Ces d\u00e9cisions ont \u00e9t\u00e9 traduites au terme des travaux en actions, insiste-t-il, \u00e0 partir des crit\u00e8res de r\u00e9alisation, des indicateurs de performance, la d\u00e9finition des acteurs de mise en \u0153uvre, le chronogramme et les d\u00e9lais. D\u00e9sormais toutes les 24 d\u00e9cisions sont traduites en actions au niveau des politiques budg\u00e9taires, la politique mon\u00e9taire et le syst\u00e8me financier, afin d\u2019augmenter les r\u00e9formes structurelles (production, \u00e9nergie, industrialisation).<\/p>\n<p><strong>Lire aussi<\/strong> : <strong><a href=\"https:\/\/ecomatin.net\/conjoncture-lavenirr-socio-economique-preoccupe-les-ministres-s-de-leconomie-de-la-cemac\/\">Conjoncture : l\u2019avenir socio-\u00e9conomique pr\u00e9occupe les ministres de l\u2019Economie de la Cemac<\/a><\/strong><\/p>\n<p>\u00abL\u2019\u00e9valuation des projets int\u00e9grateurs et de la deuxi\u00e8me phase du Pr\u00e9f Cemac permettront de d\u00e9finir des indicateurs de performance, d\u2019adopter une m\u00e9thodologie de suivi et d\u2019\u00e9valuation des r\u00e9formes et des actions men\u00e9es. Ce, suivant un tableau de bord annuel pr\u00e9sentant les objectifs fix\u00e9s, les crit\u00e8res de r\u00e9alisation, les d\u00e9lais prescrits et les r\u00e9sultats attendus. Il sera \u00e9galement question de veiller au suivi de la mise en oeuvre effective des recommandations des Chefs d\u2019\u00c9tat dans chacun des \u00c9tats-membres par une structure appropri\u00e9e\u00bb, a fait savoir Rigobert Roger Andely, le Ministre des finances, du budget et du portefeuille public du Congo, Pr\u00e9sident du Comit\u00e9 du Programme des r\u00e9formes \u00e9conomiques et financi\u00e8res de la Cemac (Copil Pref Cemac).<\/p>\n<p><strong>Industrialisation<\/strong><\/p>\n<p>Plus concr\u00e8tement, les travaux de Douala ont connu l\u2019examen et l\u2019adoption par le Comit\u00e9 de pilotage du Pr\u00e9f Cemac, de la matrice r\u00e9vis\u00e9e des actions du Pr\u00e9f 2. Ce document comporte les r\u00e9formes et les actions \u00e0 appliquer par les \u00c9tats membres de la Cemac et les institutions communautaires pour une croissance durable, le renforcement de la r\u00e9silience des \u00e9conomies de la sous-r\u00e9gion, l\u2019acc\u00e9l\u00e9ration de la transformation structurelle en vue de parvenir \u00e0 une croissance soutenue, durable, inclusive et cr\u00e9atrice d\u2019emplois. Le Comit\u00e9 de pilotage a d\u00e9sormais opt\u00e9 pour une acc\u00e9l\u00e9ration de l\u2019int\u00e9gration physique des \u00c9tats (achever le programme de construction des infrastructures), pour l\u2019int\u00e9gration commerciale.<\/p>\n<p>Sur le plan de la coop\u00e9ration internationale, il a \u00e9t\u00e9 question de mettre sur pied des accords de seconde g\u00e9n\u00e9ration de croissance et de d\u00e9veloppement pour les \u00c9tats de la Cemac, capter un maximum de ressources financi\u00e8res afin d\u2019impulser le d\u00e9veloppement de la zone. Des outils de pilotage ont par ailleurs \u00e9t\u00e9 adopt\u00e9s, ainsi qu\u2019une m\u00e9thodologie d\u2019actions \u00e0 mener. Baptis\u00e9e \u00abactions oriented\u00bb, ladite m\u00e9thodologie s\u2019appuie d\u00e9sormais sur \u00abla r\u00e9alisation concr\u00e8te de l\u2019action\u00bb. Un calendrier d\u2019ex\u00e9cution des actions a \u00e9galement \u00e9t\u00e9 arr\u00eat\u00e9. \u00abUne instance qui s\u2019occupe des questions des r\u00e9formes budg\u00e9taires, institutionnelles, dans chaque Etat, pour une meilleure coordination des actions pour atteindre les r\u00e9sultats escompt\u00e9s sera mise sur pied\u00bb, a conclu Michel-Cyr Djiena Wembou.<\/p>\n<p><strong>Lire aussi<\/strong> : <strong><a href=\"https:\/\/ecomatin.net\/la-cemac-table-sur-un-budget-de-89-milliards-de-fcfa-en-2021\/\">La Cemac table sur un budget de 89 milliards de Fcfa en 2021<\/a><\/strong><\/p>\n<p>L\u2019article <a rel=\"nofollow\" href=\"https:\/\/ecomatin.net\/cemac-cap-sur-la-croissance-et-la-transformation-n-structurelle\/\">Cemac : cap sur la croissance et la transformation structurelle<\/a> est apparu en premier sur <a rel=\"nofollow\" href=\"https:\/\/ecomatin.net\/\">EcoMatin<\/a>.<\/p>\n<\/div>\n<p>Auteur: Georges Semey<br \/>\n<a href=\"https:\/\/ecomatin.net\/cemac-cap-sur-la-croissance-et-la-transformation-n-structurelle\/\">Cliquez ici pour lire l&rsquo;article depuis sa source.<\/a><\/p>\n","protected":false},"excerpt":{"rendered":"<p>4 r\u00e9solutions ont sanctionn\u00e9 le sommet extraordinaire de la Conf\u00e9rence des Chefs d\u2019\u00c9tat de la Cemac (Communaut\u00e9 \u00c9conomique des \u00c9tats de l\u2019Afrique Centrale) tenu le 18 ao\u00fbt 2021 \u00e0 Yaound\u00e9: 4 relatives \u00e0 la politique budg\u00e9taire, 4 sur la politique mon\u00e9taire et le syst\u00e8me financier, 5 r\u00e9solutions concernent l\u2019acc\u00e9l\u00e9ration des r\u00e9formes structurelles, 5 portent sur [&hellip;]<\/p>\n","protected":false},"author":1969,"featured_media":0,"comment_status":"closed","ping_status":"closed","sticky":false,"template":"","format":"standard","meta":{"fifu_image_url":"","fifu_image_alt":"","footnotes":""},"categories":[82,78],"tags":[],"class_list":["post-128589","post","type-post","status-publish","format-standard","hentry","category-cameroun","category-economie"],"_links":{"self":[{"href":"https:\/\/linitiative.ca\/International\/wp-json\/wp\/v2\/posts\/128589","targetHints":{"allow":["GET"]}}],"collection":[{"href":"https:\/\/linitiative.ca\/International\/wp-json\/wp\/v2\/posts"}],"about":[{"href":"https:\/\/linitiative.ca\/International\/wp-json\/wp\/v2\/types\/post"}],"author":[{"embeddable":true,"href":"https:\/\/linitiative.ca\/International\/wp-json\/wp\/v2\/users\/1969"}],"replies":[{"embeddable":true,"href":"https:\/\/linitiative.ca\/International\/wp-json\/wp\/v2\/comments?post=128589"}],"version-history":[{"count":0,"href":"https:\/\/linitiative.ca\/International\/wp-json\/wp\/v2\/posts\/128589\/revisions"}],"wp:attachment":[{"href":"https:\/\/linitiative.ca\/International\/wp-json\/wp\/v2\/media?parent=128589"}],"wp:term":[{"taxonomy":"category","embeddable":true,"href":"https:\/\/linitiative.ca\/International\/wp-json\/wp\/v2\/categories?post=128589"},{"taxonomy":"post_tag","embeddable":true,"href":"https:\/\/linitiative.ca\/International\/wp-json\/wp\/v2\/tags?post=128589"}],"curies":[{"name":"wp","href":"https:\/\/api.w.org\/{rel}","templated":true}]}}