{"id":128590,"date":"2021-09-29T13:06:22","date_gmt":"2021-09-29T17:06:22","guid":{"rendered":"https:\/\/linitiative.ca\/International\/lue-injecte-16-milliard-de-fcfa-dans-lagriculture-et-lelevage-dans-la-region-du-nord\/"},"modified":"2021-09-29T13:06:22","modified_gmt":"2021-09-29T17:06:22","slug":"lue-injecte-16-milliard-de-fcfa-dans-lagriculture-et-lelevage-dans-la-region-du-nord","status":"publish","type":"post","link":"https:\/\/linitiative.ca\/International\/lue-injecte-16-milliard-de-fcfa-dans-lagriculture-et-lelevage-dans-la-region-du-nord\/","title":{"rendered":"L\u2019UE injecte 1,6 milliard de Fcfa dans l\u2019agriculture et l\u2019\u00e9levage dans la r\u00e9gion du Nord"},"content":{"rendered":"<div>\n<p>Avec l\u2019appui de l\u2019Union europ\u00e9enne (UE), l\u2019initiative \u00ab Renforcement des syst\u00e8mes d\u2019innovation agro-sylvo-pastorale dans le Nord du Cameroun (ReSI-NoC) \u00bb, a vu le jour dans la r\u00e9gion du Nord Cameroun. Le choix de cette r\u00e9gion du pays est simple. Il lui est reconnu d\u2019\u00eatre l\u2019une des r\u00e9gions les moins d\u00e9velopp\u00e9es du pays et le fait que l\u2019\u00e9levage, l\u2019agriculture et les aires prot\u00e9g\u00e9es utilisent le m\u00eame territoire soit 65 000 km2.<\/p>\n<p><strong>Lire aussi<\/strong> : <strong><a href=\"https:\/\/ecomatin.net\/lunion-europeenne-signe-une-convention-de-financement-avec-la-start-up-kmer-tech-pour-faire-face-a-la-covid-19\/\">L\u2019Union Europ\u00e9enne signe une convention de financement avec la start-up Kmer-Tech pour faire face \u00e0 la Covid-19<\/a><\/strong><\/p>\n<p>L\u2019initiative financ\u00e9e \u00e0 hauteur de 2,5 millions d\u2019euros, soit 1,637 milliards par l\u2019UE, est g\u00e9r\u00e9e par par le Centre international de recherche en agroforesterie (Icraf). Elle s\u2019\u00e9tend sur la p\u00e9riode allant de 2020 \u00e0 2024. Et vise \u00e0 renforcer les syst\u00e8mes d\u2019innovation agro-sylvo-pastorale de la r\u00e9gion avec l\u2019objectif de promouvoir l\u2019utilisation durable de ressources naturelles et ainsi am\u00e9liorer les conditions de vie des populations tout en r\u00e9duisant les conflits dans la r\u00e9gion. L\u2019objectif global ici \u00e9tant de promouvoir des syst\u00e8mes de production agro-sylvo-pastoraux \u00e9conomiquement rentables, \u00e9cologiquement durables et socialement \u00e9quitables dans la r\u00e9gion Nord du Cameroun. De fa\u00e7on sp\u00e9cifique, il s\u2019agit de renforcer les syst\u00e8mes d\u2019innovation agro-sylvo-pastorale dans leurs processus de planification inclusive, de n\u00e9gociation, de cocr\u00e9ation et de mise en \u0153uvre d\u2019innovations techniques, organisationnelles et sociales.<\/p>\n<p><strong>Lire aussi<\/strong> : <strong><a href=\"https:\/\/ecomatin.net\/ape-cameroun-ue-lambassadeur-de-lunion-europeenne-fait-le-point\/\">APE Cameroun-UE : l\u2019ambassadeur de l\u2019Union europ\u00e9enne fait le point<\/a><\/strong><\/p>\n<p>Selon A. Degrande, l\u2019impact attendu du projet ReSI-NoC est l\u2019am\u00e9lioration des conditions de vie des populations au Nord du Cameroun par une gestion harmonieuse des territoires permettant une int\u00e9gration des activit\u00e9s d\u2019agriculture et d\u2019\u00e9levage et la gestion des \u00e9cosyst\u00e8mes naturels. \u00ab L\u2019id\u00e9e est \u00e9galement de trouver des moyens pour accompagner les populations dans la recherche des solutions \u00bb, a-t-elle d\u00e9clar\u00e9. \u00ab Il ne suffit pas juste d\u2019introduire des nouvelles technologies ou des nouvelles vari\u00e9t\u00e9s, mais il faut \u00e0 chaque fois emmener les acteurs \u00e0 travailler avec les populations pour qu\u2019elles apprennent elles-m\u00eames \u00e0 trouver des solutions \u00e0 leurs probl\u00e8mes \u00bb.<\/p>\n<p><strong>Bilan de la premi\u00e8re ann\u00e9e<\/strong><\/p>\n<p>La mise en \u0153uvre du ReSI-NoC, est pr\u00e9vue pour se faire en 3 \u00e9tapes : le diagnostic de la dynamique des populations, des activit\u00e9s de subsistance, de l\u2019impact sur les ressources naturelles, de l\u2019\u00e9volution du climat et de l\u2019impact sur les pratiques, ainsi qu\u2019une analyse institutionnelle approfondie des syst\u00e8mes d\u2019innovation agricole existants. Puis la mise en place de plates-formes d\u2019innovation (ou d\u2019autres dispositifs similaires) rassemblant les acteurs concern\u00e9s aux niveaux de la cha\u00eene de valeur et du paysage. Enfin l\u2019exp\u00e9rimentation, l\u2019adaptation et la diffusion des innovations techniques, organisationnelles et sociales en utilisant une approche participative.<\/p>\n<p><strong>Lire aussi<\/strong> : <strong><a href=\"https:\/\/ecomatin.net\/seulement-2535-des-projets-du-bip-realises-en-2020-dans-la-benoue\/\">Seulement 25,35% des projets du Bip r\u00e9alis\u00e9s en 2020 dans la B\u00e9nou\u00e9<\/a><\/strong><\/p>\n<p>A ce jour le projet a d\u00e9j\u00e0 permis d\u2019\u00e9tablir les sites sur lesquels comptent s\u2019ex\u00e9cuter les activit\u00e9s. \u00ab \u00c0 l\u2019\u00e9tat actuel des choses, quelques sites ont \u00e9t\u00e9 retenus autour des parcs nationaux, o\u00f9 nous avons d\u00e9j\u00e0 identifi\u00e9 les exemples de r\u00e9ussite \u00bb, a ajout\u00e9 Herv\u00e9 Boukoua, facilitateur d\u2019innovation au sein du projet. \u00ab Nous allons maintenant mutualiser nos ressources pour valoriser les innovations existantes et leur accorder une dimension de durabilit\u00e9 \u00bb. Dans le d\u00e9tail, quatre sites ont \u00e9t\u00e9 retenus. Le premier est autour du parc national du Faro, la localit\u00e9 de Tchamba ; puis le site de Mayo-Djarendi du c\u00f4t\u00e9 du parc national de Bouba-Ndjida ; et les sites de Sassa-Mbersi et Bawan, du c\u00f4t\u00e9 du parc de la Benou\u00e9.<\/p>\n<p>L\u2019article <a rel=\"nofollow\" href=\"https:\/\/ecomatin.net\/lue-injecte-16-milliard-de-fcfa-dans-s-lagriculture-et-lelevage-dans-la-region-du-nord\/\">L\u2019UE injecte 1,6 milliard de Fcfa dans l\u2019agriculture et l\u2019\u00e9levage dans la r\u00e9gion du Nord<\/a> est apparu en premier sur <a rel=\"nofollow\" href=\"https:\/\/ecomatin.net\/\">EcoMatin<\/a>.<\/p>\n<\/div>\n<p>Auteur: Cindy MBALA<br \/>\n<a href=\"https:\/\/ecomatin.net\/lue-injecte-16-milliard-de-fcfa-dans-s-lagriculture-et-lelevage-dans-la-region-du-nord\/\">Cliquez ici pour lire l&rsquo;article depuis sa source.<\/a><\/p>\n","protected":false},"excerpt":{"rendered":"<p>Avec l\u2019appui de l\u2019Union europ\u00e9enne (UE), l\u2019initiative \u00ab Renforcement des syst\u00e8mes d\u2019innovation agro-sylvo-pastorale dans le Nord du Cameroun (ReSI-NoC) \u00bb, a vu le jour dans la r\u00e9gion du Nord Cameroun. Le choix de cette r\u00e9gion du pays est simple. Il lui est reconnu d\u2019\u00eatre l\u2019une des r\u00e9gions les moins d\u00e9velopp\u00e9es du pays et le fait [&hellip;]<\/p>\n","protected":false},"author":1969,"featured_media":0,"comment_status":"closed","ping_status":"closed","sticky":false,"template":"","format":"standard","meta":{"fifu_image_url":"","fifu_image_alt":"","footnotes":""},"categories":[82,78],"tags":[],"class_list":["post-128590","post","type-post","status-publish","format-standard","hentry","category-cameroun","category-economie"],"_links":{"self":[{"href":"https:\/\/linitiative.ca\/International\/wp-json\/wp\/v2\/posts\/128590","targetHints":{"allow":["GET"]}}],"collection":[{"href":"https:\/\/linitiative.ca\/International\/wp-json\/wp\/v2\/posts"}],"about":[{"href":"https:\/\/linitiative.ca\/International\/wp-json\/wp\/v2\/types\/post"}],"author":[{"embeddable":true,"href":"https:\/\/linitiative.ca\/International\/wp-json\/wp\/v2\/users\/1969"}],"replies":[{"embeddable":true,"href":"https:\/\/linitiative.ca\/International\/wp-json\/wp\/v2\/comments?post=128590"}],"version-history":[{"count":0,"href":"https:\/\/linitiative.ca\/International\/wp-json\/wp\/v2\/posts\/128590\/revisions"}],"wp:attachment":[{"href":"https:\/\/linitiative.ca\/International\/wp-json\/wp\/v2\/media?parent=128590"}],"wp:term":[{"taxonomy":"category","embeddable":true,"href":"https:\/\/linitiative.ca\/International\/wp-json\/wp\/v2\/categories?post=128590"},{"taxonomy":"post_tag","embeddable":true,"href":"https:\/\/linitiative.ca\/International\/wp-json\/wp\/v2\/tags?post=128590"}],"curies":[{"name":"wp","href":"https:\/\/api.w.org\/{rel}","templated":true}]}}