{"id":128615,"date":"2021-09-29T14:00:00","date_gmt":"2021-09-29T18:00:00","guid":{"rendered":"https:\/\/linitiative.ca\/International\/la-flambee-prejudiciable\/"},"modified":"2021-09-29T14:00:00","modified_gmt":"2021-09-29T18:00:00","slug":"la-flambee-prejudiciable","status":"publish","type":"post","link":"https:\/\/linitiative.ca\/International\/la-flambee-prejudiciable\/","title":{"rendered":"La flamb\u00e9e pr\u00e9judiciable"},"content":{"rendered":"<div>\n<p class=\"has-black-color has-text-color\"><strong>Alors que tout le monde fut occup\u00e9 par le d\u00e9roulement de toutes les phases de l\u2019\u00e9ch\u00e9ancier \u00e9lectoral, il y a plus de deux mois, le prix des produits \u00e0 n\u00e9cessit\u00e9 de consommation rudimentaire, flambait \u00e0 outrance. Certaines mati\u00e8res de base se \u00a0sont soumises \u00e0 des hausses galopantes, au grand dam des bourses des citoyens. Vilaine duperie\u00a0! Au moment o\u00f9 on ne cessait d\u2019appeler l\u2019\u00e9lectorat, \u00e0 se rendre aux urnes, on fomentait des coups fatals aux poches des couches d\u00e9sh\u00e9rit\u00e9es de la soci\u00e9t\u00e9 marocaine. Qui se permet-il \u00e0 s\u2019attaquer sans nul scrupule, au pouvoir d\u2019achat du \u00ab\u00a0petit\u00a0\u00bb peuple, tandis qu\u2019il accomplissait son devoir national\u00a0? Sans doute, les lobbys du mercantilisme b\u00e9at, en connivence avec l\u2019oligarchie de l\u2019Etat, auraient-ils perp\u00e9tr\u00e9 si pernicieusement cette flamb\u00e9e hallucinante.<\/strong><\/p>\n<p class=\"has-black-color has-text-color\"><strong>De surcro\u00eet, elle survient \u00e0 la veille de l\u2019ouverture des \u00e9coles, en prolongement cons\u00e9cutif des \u00a0diverses circonstances consommatrices, allant de l\u2019A\u00efd Al Adha, en passant par les vacances pour aboutir aujourd\u2019hui \u00e0 la rentr\u00e9e scolaire. On ne comprendra pas cet embrasement p\u00e9rilleux au c\u0153ur des milieux sociaux, en forte pr\u00e9carit\u00e9 due \u00e0 la crise pand\u00e9mique. Que cherchent, en \u00a0fait, les aiguiseurs de la col\u00e8re collective des populations, \u00e0 l\u2019issue de l\u2019explosion irr\u00e9fl\u00e9chie des tarifs sur les provisions au grand besoin \u00e9l\u00e9mentaire\u00a0? L\u2019instabilit\u00e9 sociale ou encore l\u2019\u00e9clatement \u00e9meutier des classes d\u00e9favoris\u00e9es\u00a0! A travers ces \u00a0profusions inadmissibles, men\u00e9es sans aucune consid\u00e9ration de leur situation, l\u2019Etat, en r\u00e9gulateur constant du registre consommateur, s\u2019expose r\u00e9ellement au soul\u00e8vement de ces couches mis\u00e9reuses mises \u00e0 la merci des pr\u00e9dateurs de la sp\u00e9culation commerciale.<\/strong><\/p>\n<p class=\"has-black-color has-text-color\"><strong>Du pain sur la planche pour le prochain gouvernement dont la constitution est imminent! Il est \u00a0d\u00e9plorable qu\u2019on continue \u00e0 crucifier la vuln\u00e9rabilit\u00e9 des d\u00e9munis par des tours de paup\u00e9risation \u00e9hont\u00e9e. Il est donc du devoir du prochain ex\u00e9cutif qui prendra les commandes de s\u2019inviter, avant toute autre mesure, \u00e0 rem\u00e9dier \u00e0 cette d\u00e9rive qui risque de d\u00e9g\u00e9n\u00e9rer incessamment. Il est question de s\u2019atteler \u00e0 r\u00e9guler les prix des consommations et sanctionner rigoureusement les contrevenants d\u2019o\u00f9 qu\u2019ils \u00e9manent afin de lib\u00e9rer le march\u00e9 des pratiques frauduleuse et sp\u00e9culative par l\u2019interm\u00e9diaire des instances mises en place \u00e0 cet effet. Notre pays jouit de la stabilit\u00e9, en d\u00e9pit des moments de perturbation dont il peut \u00eatre victime. Il va donc \u00e0 l\u2019encontre de cette tradition ancestrale de se payer le luxe de mettre du feu dans l\u2019apaisement des citoyens, par la chert\u00e9 excessive des conditions de vie.<\/strong><\/p>\n<p>L\u2019article <a rel=\"nofollow\" href=\"http:\/\/albayane.press.ma\/la-flambee-prejudiciable.html\">La flamb\u00e9e pr\u00e9judiciable<\/a> est apparu en premier sur <a rel=\"nofollow\" href=\"http:\/\/albayane.press.ma\/\">ALBAYANE<\/a>.<\/p>\n<\/div>\n<p>Auteur: M&rsquo;hammed rahal<br \/>\n<a href=\"http:\/\/albayane.press.ma\/la-flambee-prejudiciable.html\">Cliquez ici pour lire l&rsquo;article depuis sa source.<\/a><\/p>\n","protected":false},"excerpt":{"rendered":"<p>Alors que tout le monde fut occup\u00e9 par le d\u00e9roulement de toutes les phases de l\u2019\u00e9ch\u00e9ancier \u00e9lectoral, il y a plus de deux mois, le prix des produits \u00e0 n\u00e9cessit\u00e9 de consommation rudimentaire, flambait \u00e0 outrance. Certaines mati\u00e8res de base se \u00a0sont soumises \u00e0 des hausses galopantes, au grand dam des bourses des citoyens. Vilaine [&hellip;]<\/p>\n","protected":false},"author":1760,"featured_media":0,"comment_status":"closed","ping_status":"closed","sticky":false,"template":"","format":"standard","meta":{"fifu_image_url":"","fifu_image_alt":"","footnotes":""},"categories":[73,54],"tags":[],"class_list":["post-128615","post","type-post","status-publish","format-standard","hentry","category-actualite","category-maroc"],"_links":{"self":[{"href":"https:\/\/linitiative.ca\/International\/wp-json\/wp\/v2\/posts\/128615","targetHints":{"allow":["GET"]}}],"collection":[{"href":"https:\/\/linitiative.ca\/International\/wp-json\/wp\/v2\/posts"}],"about":[{"href":"https:\/\/linitiative.ca\/International\/wp-json\/wp\/v2\/types\/post"}],"author":[{"embeddable":true,"href":"https:\/\/linitiative.ca\/International\/wp-json\/wp\/v2\/users\/1760"}],"replies":[{"embeddable":true,"href":"https:\/\/linitiative.ca\/International\/wp-json\/wp\/v2\/comments?post=128615"}],"version-history":[{"count":0,"href":"https:\/\/linitiative.ca\/International\/wp-json\/wp\/v2\/posts\/128615\/revisions"}],"wp:attachment":[{"href":"https:\/\/linitiative.ca\/International\/wp-json\/wp\/v2\/media?parent=128615"}],"wp:term":[{"taxonomy":"category","embeddable":true,"href":"https:\/\/linitiative.ca\/International\/wp-json\/wp\/v2\/categories?post=128615"},{"taxonomy":"post_tag","embeddable":true,"href":"https:\/\/linitiative.ca\/International\/wp-json\/wp\/v2\/tags?post=128615"}],"curies":[{"name":"wp","href":"https:\/\/api.w.org\/{rel}","templated":true}]}}