{"id":128646,"date":"2021-09-30T03:10:00","date_gmt":"2021-09-30T07:10:00","guid":{"rendered":"https:\/\/linitiative.ca\/International\/barca-les-accusations-de-koeman-apres-la-debacle-face-au-benfica\/"},"modified":"2021-09-30T03:10:00","modified_gmt":"2021-09-30T07:10:00","slug":"barca-les-accusations-de-koeman-apres-la-debacle-face-au-benfica","status":"publish","type":"post","link":"https:\/\/linitiative.ca\/International\/barca-les-accusations-de-koeman-apres-la-debacle-face-au-benfica\/","title":{"rendered":"Bar\u00e7a : Les accusations de Koeman apr\u00e8s la d\u00e9b\u00e2cle face au Benfica"},"content":{"rendered":"<div>Deux semaines apr\u00e8s la gifle re\u00e7ue face au Bayern Munich (0-3), le FC Barcelone a \u00e9t\u00e9 humili\u00e9 sur la pelouse de Benfica (0-3) mercredi en Ligue des Champions<img loading=\"lazy\" decoding=\"async\" src=\"http:\/\/feeds.feedburner.com\/~r\/GalerieFArtciles\/~4\/mQCW8-lL-Ok\" height=\"1\" width=\"1\" alt=\"\"><\/div>\n<p>Auteur:<br \/>\n<a href=\"http:\/\/www.lebuteur.com\/article\/detail?titre=barca-les-accusations-de-koeman-apres-la-debacle-face-au-benfica&#038;id=101203&#038;utm_source=feedburner&#038;utm_medium=feed&#038;utm_campaign=Feed%3A+GalerieFArtciles+%28Les+derniers+articles++-+lebuteur.com%29\">Cliquez ici pour lire l&rsquo;article depuis sa source.<\/a><\/p>\n","protected":false},"excerpt":{"rendered":"<p>Deux semaines apr\u00e8s la gifle re\u00e7ue face au Bayern Munich (0-3), le FC Barcelone a \u00e9t\u00e9 humili\u00e9 sur la pelouse de Benfica (0-3) mercredi en Ligue des Champions Auteur: Cliquez ici pour lire l&rsquo;article depuis sa source.<\/p>\n","protected":false},"author":1738,"featured_media":0,"comment_status":"closed","ping_status":"closed","sticky":false,"template":"","format":"standard","meta":{"fifu_image_url":"http:\/\/feeds.feedburner.com\/~r\/GalerieFArtciles\/~4\/mQCW8-lL-Ok","fifu_image_alt":"Bar\u00e7a : Les accusations de Koeman apr\u00e8s la d\u00e9b\u00e2cle face au Benfica","footnotes":""},"categories":[53,75],"tags":[],"class_list":["post-128646","post","type-post","status-publish","format-standard","hentry","category-algerie","category-sport"],"_links":{"self":[{"href":"https:\/\/linitiative.ca\/International\/wp-json\/wp\/v2\/posts\/128646","targetHints":{"allow":["GET"]}}],"collection":[{"href":"https:\/\/linitiative.ca\/International\/wp-json\/wp\/v2\/posts"}],"about":[{"href":"https:\/\/linitiative.ca\/International\/wp-json\/wp\/v2\/types\/post"}],"author":[{"embeddable":true,"href":"https:\/\/linitiative.ca\/International\/wp-json\/wp\/v2\/users\/1738"}],"replies":[{"embeddable":true,"href":"https:\/\/linitiative.ca\/International\/wp-json\/wp\/v2\/comments?post=128646"}],"version-history":[{"count":0,"href":"https:\/\/linitiative.ca\/International\/wp-json\/wp\/v2\/posts\/128646\/revisions"}],"wp:attachment":[{"href":"https:\/\/linitiative.ca\/International\/wp-json\/wp\/v2\/media?parent=128646"}],"wp:term":[{"taxonomy":"category","embeddable":true,"href":"https:\/\/linitiative.ca\/International\/wp-json\/wp\/v2\/categories?post=128646"},{"taxonomy":"post_tag","embeddable":true,"href":"https:\/\/linitiative.ca\/International\/wp-json\/wp\/v2\/tags?post=128646"}],"curies":[{"name":"wp","href":"https:\/\/api.w.org\/{rel}","templated":true}]}}