{"id":128657,"date":"2021-09-30T05:56:00","date_gmt":"2021-09-30T09:56:00","guid":{"rendered":"https:\/\/linitiative.ca\/International\/najla-bouden-romdhane-une-femme-cheffe-du-gouvernement-ou-la-pleine-activation-de-larticle-46-de-la-constitution\/"},"modified":"2021-09-30T05:56:00","modified_gmt":"2021-09-30T09:56:00","slug":"najla-bouden-romdhane-une-femme-cheffe-du-gouvernement-ou-la-pleine-activation-de-larticle-46-de-la-constitution","status":"publish","type":"post","link":"https:\/\/linitiative.ca\/International\/najla-bouden-romdhane-une-femme-cheffe-du-gouvernement-ou-la-pleine-activation-de-larticle-46-de-la-constitution\/","title":{"rendered":"Najla Bouden Romdhane: Une femme cheffe du gouvernement ou la pleine activation de l\u2019article 46 de la constitution?"},"content":{"rendered":"<div><img decoding=\"async\" src=\"https:\/\/linitiative.ca\/International\/wp-content\/uploads\/sites\/23\/2021\/09\/1632994416_article.jpg\" alt=\"Najla Bouden Romdhane: Une femme cheffe du gouvernement ou la pleine activation de l\u2019article 46 de la constitution?\" align=\"left\">Par Najet Brahmi Zouaoui &#8211; Professeure \u00e0 la facult\u00e9 de Droit et des Sciences politiques de Tunis. Avocate pr\u00e8s la Cour de cassation.<\/p>\n<p>1- Depuis le 25 Juillet 2021, le d\u00e9bat sur la valeur de la constitutionnalit\u00e9 des mesures prises par le Pr\u00e9sident de la R\u00e9publique est des plus pol\u00e9miques. Pour le clan contestataire des mesures d\u2019exception du 25 Juillet 2021, le Pr\u00e9sident Kais Said aurait viol\u00e9 la constitution et malmen\u00e9 ses principaux principes.<br \/>\n2- Sensible \u00e0 ces accusations, le Pr\u00e9sident Kais Said a r\u00e9pondu par plusieurs discours m\u00e9diatis\u00e9s. Il a toujours saisi l\u2019occasion pour rappeler son attachement \u00e0 la constitution et notamment aux principes li\u00e9s aux droits de &#8230;<\/p>\n<\/div>\n<p>Auteur:<br \/>\n<a href=\"https:\/\/www.leaders.com.tn\/article\/32475-najla-bouden-romdhane-une-femme-cheffe-du-gouvernement-ou-la-pleine-activation-de-l-article-46-de-la-constitution\">Cliquez ici pour lire l&rsquo;article depuis sa source.<\/a><\/p>\n","protected":false},"excerpt":{"rendered":"<p>Par Najet Brahmi Zouaoui &#8211; Professeure \u00e0 la facult\u00e9 de Droit et des Sciences politiques de Tunis. Avocate pr\u00e8s la Cour de cassation. 1- Depuis le 25 Juillet 2021, le d\u00e9bat sur la valeur de la constitutionnalit\u00e9 des mesures prises par le Pr\u00e9sident de la R\u00e9publique est des plus pol\u00e9miques. Pour le clan contestataire des [&hellip;]<\/p>\n","protected":false},"author":1772,"featured_media":0,"comment_status":"closed","ping_status":"closed","sticky":false,"template":"","format":"standard","meta":{"fifu_image_url":"http:\/\/www.leaders.com.tn\/uploads\/content\/thumbnails_small\/1632994416_article.jpg","fifu_image_alt":"Najla Bouden Romdhane: Une femme cheffe du gouvernement ou la pleine activation de l\u2019article 46 de la constitution?","footnotes":""},"categories":[73,55],"tags":[],"class_list":["post-128657","post","type-post","status-publish","format-standard","hentry","category-actualite","category-tunisie"],"_links":{"self":[{"href":"https:\/\/linitiative.ca\/International\/wp-json\/wp\/v2\/posts\/128657","targetHints":{"allow":["GET"]}}],"collection":[{"href":"https:\/\/linitiative.ca\/International\/wp-json\/wp\/v2\/posts"}],"about":[{"href":"https:\/\/linitiative.ca\/International\/wp-json\/wp\/v2\/types\/post"}],"author":[{"embeddable":true,"href":"https:\/\/linitiative.ca\/International\/wp-json\/wp\/v2\/users\/1772"}],"replies":[{"embeddable":true,"href":"https:\/\/linitiative.ca\/International\/wp-json\/wp\/v2\/comments?post=128657"}],"version-history":[{"count":0,"href":"https:\/\/linitiative.ca\/International\/wp-json\/wp\/v2\/posts\/128657\/revisions"}],"wp:attachment":[{"href":"https:\/\/linitiative.ca\/International\/wp-json\/wp\/v2\/media?parent=128657"}],"wp:term":[{"taxonomy":"category","embeddable":true,"href":"https:\/\/linitiative.ca\/International\/wp-json\/wp\/v2\/categories?post=128657"},{"taxonomy":"post_tag","embeddable":true,"href":"https:\/\/linitiative.ca\/International\/wp-json\/wp\/v2\/tags?post=128657"}],"curies":[{"name":"wp","href":"https:\/\/api.w.org\/{rel}","templated":true}]}}