{"id":12869,"date":"2019-02-10T12:57:53","date_gmt":"2019-02-10T17:57:53","guid":{"rendered":"https:\/\/linitiative.ca\/International\/algerie-un-policier-sauto-immole-par-le-feu-dans-le-poste-de-police\/"},"modified":"2019-02-10T12:57:53","modified_gmt":"2019-02-10T17:57:53","slug":"algerie-un-policier-sauto-immole-par-le-feu-dans-le-poste-de-police","status":"publish","type":"post","link":"https:\/\/linitiative.ca\/International\/algerie-un-policier-sauto-immole-par-le-feu-dans-le-poste-de-police\/","title":{"rendered":"Alg\u00e9rie\u00a0: Un policier s\u2019auto immole par le feu dans le poste de police"},"content":{"rendered":"<div class=\"post-cont-in left relative\">\n<div class=\"nc_socialPanel swp_flatFresh swp_d_fullColor swp_i_fullColor swp_o_fullColor scale-100 scale-fullWidth\" data-position=\"none\" data-float=\"floatNone\" data-count=\"5\" data-floatcolor=\"#ffffff\" data-emphasize=\"0\">\n<div class=\"nc_tweetContainer totes totesalt\" data-id=\"6\"><span class=\"swp_count\"><span class=\"swp_label\">Partages<\/span> 9<\/span><\/div>\n<\/div>\n<p>Les autorit\u00e9s alg\u00e9riennes ont annonc\u00e9, ce dimanche, le d\u00e9c\u00e8s d\u2019un policier qui s\u2019\u00e9tait immol\u00e9 par le feu, il y a deux jours, dans le poste de police de Hassine Dey \u00e0 Alger.<\/p>\n<p>Selon des sources proches de l\u2019enqu\u00eate, la victime se serait plaint de pressions dans son travail, ainsi que de fr\u00e9quents d\u00e9saccords avec l\u2019un de ses collaborateurs.<\/p>\n<div class=\"code-block code-block-1 c3\"><ins class=\"adsbygoogle c2\" data-ad-layout=\"in-article\" data-ad-format=\"fluid\" data-ad-client=\"ca-pub-2102118777505746\" data-ad-slot=\"7301775417\"\/> <\/div>\n<div class=\"mvp-org-wrap mvp-org-logo\" itemprop=\"publisher\" itemscope=\"\" itemtype=\"https:\/\/schema.org\/Organization\"><img decoding=\"async\" src=\"https:\/\/www.tunisienumerique.com\/wp-content\/uploads\/2017\/02\/logo_tunisie_numerique.png\"\/><\/div>\n<div class=\"nc_socialPanel swp_flatFresh swp_d_fullColor swp_i_fullColor swp_o_fullColor scale-100 scale-fullWidth\" data-position=\"none\" data-float=\"floatNone\" data-count=\"5\" data-floatcolor=\"#ffffff\" data-emphasize=\"0\">\n<div class=\"nc_tweetContainer totes totesalt\" data-id=\"6\"><span class=\"swp_count\"><span class=\"swp_label\">Partages<\/span> 9<\/span><\/div>\n<\/div>\n<div class=\"mvp-related-posts left relative\">\n<h4 class=\"post-header\"><span class=\"post-header\">Lire aussi<\/span><\/h4>\n<\/div>\n<\/div>\n","protected":false},"excerpt":{"rendered":"<p>Partages 9 Les autorit\u00e9s alg\u00e9riennes ont annonc\u00e9, ce dimanche, le d\u00e9c\u00e8s d\u2019un policier qui s\u2019\u00e9tait immol\u00e9 par le feu, il y a deux jours, dans le poste de police de Hassine Dey \u00e0 Alger. Selon des sources proches de l\u2019enqu\u00eate, la victime se serait plaint de pressions dans son travail, ainsi que de fr\u00e9quents d\u00e9saccords [&hellip;]<\/p>\n","protected":false},"author":1789,"featured_media":12870,"comment_status":"closed","ping_status":"closed","sticky":false,"template":"","format":"standard","meta":{"fifu_image_url":"","fifu_image_alt":"","footnotes":""},"categories":[73,55],"tags":[],"class_list":["post-12869","post","type-post","status-publish","format-standard","has-post-thumbnail","hentry","category-actualite","category-tunisie"],"_links":{"self":[{"href":"https:\/\/linitiative.ca\/International\/wp-json\/wp\/v2\/posts\/12869","targetHints":{"allow":["GET"]}}],"collection":[{"href":"https:\/\/linitiative.ca\/International\/wp-json\/wp\/v2\/posts"}],"about":[{"href":"https:\/\/linitiative.ca\/International\/wp-json\/wp\/v2\/types\/post"}],"author":[{"embeddable":true,"href":"https:\/\/linitiative.ca\/International\/wp-json\/wp\/v2\/users\/1789"}],"replies":[{"embeddable":true,"href":"https:\/\/linitiative.ca\/International\/wp-json\/wp\/v2\/comments?post=12869"}],"version-history":[{"count":0,"href":"https:\/\/linitiative.ca\/International\/wp-json\/wp\/v2\/posts\/12869\/revisions"}],"wp:featuredmedia":[{"embeddable":true,"href":"https:\/\/linitiative.ca\/International\/wp-json\/"}],"wp:attachment":[{"href":"https:\/\/linitiative.ca\/International\/wp-json\/wp\/v2\/media?parent=12869"}],"wp:term":[{"taxonomy":"category","embeddable":true,"href":"https:\/\/linitiative.ca\/International\/wp-json\/wp\/v2\/categories?post=12869"},{"taxonomy":"post_tag","embeddable":true,"href":"https:\/\/linitiative.ca\/International\/wp-json\/wp\/v2\/tags?post=12869"}],"curies":[{"name":"wp","href":"https:\/\/api.w.org\/{rel}","templated":true}]}}