{"id":12871,"date":"2019-02-10T13:05:39","date_gmt":"2019-02-10T18:05:39","guid":{"rendered":"https:\/\/linitiative.ca\/International\/tunisie-ben-guerdene-tentative-dintroduction-deperviers-dresses-a-la-chasse\/"},"modified":"2019-02-10T13:05:39","modified_gmt":"2019-02-10T18:05:39","slug":"tunisie-ben-guerdene-tentative-dintroduction-deperviers-dresses-a-la-chasse","status":"publish","type":"post","link":"https:\/\/linitiative.ca\/International\/tunisie-ben-guerdene-tentative-dintroduction-deperviers-dresses-a-la-chasse\/","title":{"rendered":"Tunisie \u2013 Ben Guerdene\u00a0: Tentative d\u2019introduction d\u2019\u00e9perviers dress\u00e9s \u00e0 la chasse"},"content":{"rendered":"<div class=\"post-cont-in left relative\">\n<div class=\"nc_socialPanel swp_flatFresh swp_d_fullColor swp_i_fullColor swp_o_fullColor scale-100 scale-fullWidth\" data-position=\"none\" data-float=\"floatNone\" data-count=\"5\" data-floatcolor=\"#ffffff\" data-emphasize=\"0\">\n<div class=\"nc_tweetContainer totes totesalt\" data-id=\"6\"><span class=\"swp_count\"><span class=\"swp_label\">Partages<\/span> 13<\/span><\/div>\n<\/div>\n<p>Les agents de la brigade de recherches et investigations de la Garde Nationale ont r\u00e9ussi \u00e0 intercepter trois \u00e9perviers dress\u00e9s pour la chasse, que deux contrebandiers tunisiens tentaient d\u2019introduire dans le pays, \u00e0 bord d\u2019un v\u00e9hicule tous terrains, en provenance de la Libye.<\/p>\n<p>Les oiseaux ont \u00e9t\u00e9 confi\u00e9s aux services v\u00e9t\u00e9rinaires, tandis que les deux contrebandiers ont \u00e9t\u00e9 gard\u00e9s en \u00e9tat d\u2019arrestation pour les besoins de l\u2019enqu\u00eate.<\/p>\n<div class=\"code-block code-block-1 c3\"><ins class=\"adsbygoogle c2\" data-ad-layout=\"in-article\" data-ad-format=\"fluid\" data-ad-client=\"ca-pub-2102118777505746\" data-ad-slot=\"7301775417\"\/> <\/div>\n<div class=\"mvp-org-wrap mvp-org-logo\" itemprop=\"publisher\" itemscope=\"\" itemtype=\"https:\/\/schema.org\/Organization\"><img decoding=\"async\" src=\"https:\/\/www.tunisienumerique.com\/wp-content\/uploads\/2017\/02\/logo_tunisie_numerique.png\"\/><\/div>\n<div class=\"nc_socialPanel swp_flatFresh swp_d_fullColor swp_i_fullColor swp_o_fullColor scale-100 scale-fullWidth\" data-position=\"none\" data-float=\"floatNone\" data-count=\"5\" data-floatcolor=\"#ffffff\" data-emphasize=\"0\">\n<div class=\"nc_tweetContainer totes totesalt\" data-id=\"6\"><span class=\"swp_count\"><span class=\"swp_label\">Partages<\/span> 13<\/span><\/div>\n<\/div>\n<div class=\"mvp-related-posts left relative\">\n<h4 class=\"post-header\"><span class=\"post-header\">Lire aussi<\/span><\/h4>\n<\/div>\n<\/div>\n","protected":false},"excerpt":{"rendered":"<p>Partages 13 Les agents de la brigade de recherches et investigations de la Garde Nationale ont r\u00e9ussi \u00e0 intercepter trois \u00e9perviers dress\u00e9s pour la chasse, que deux contrebandiers tunisiens tentaient d\u2019introduire dans le pays, \u00e0 bord d\u2019un v\u00e9hicule tous terrains, en provenance de la Libye. Les oiseaux ont \u00e9t\u00e9 confi\u00e9s aux services v\u00e9t\u00e9rinaires, tandis que [&hellip;]<\/p>\n","protected":false},"author":1789,"featured_media":12872,"comment_status":"closed","ping_status":"closed","sticky":false,"template":"","format":"standard","meta":{"fifu_image_url":"","fifu_image_alt":"","footnotes":""},"categories":[73,55],"tags":[],"class_list":["post-12871","post","type-post","status-publish","format-standard","has-post-thumbnail","hentry","category-actualite","category-tunisie"],"_links":{"self":[{"href":"https:\/\/linitiative.ca\/International\/wp-json\/wp\/v2\/posts\/12871","targetHints":{"allow":["GET"]}}],"collection":[{"href":"https:\/\/linitiative.ca\/International\/wp-json\/wp\/v2\/posts"}],"about":[{"href":"https:\/\/linitiative.ca\/International\/wp-json\/wp\/v2\/types\/post"}],"author":[{"embeddable":true,"href":"https:\/\/linitiative.ca\/International\/wp-json\/wp\/v2\/users\/1789"}],"replies":[{"embeddable":true,"href":"https:\/\/linitiative.ca\/International\/wp-json\/wp\/v2\/comments?post=12871"}],"version-history":[{"count":0,"href":"https:\/\/linitiative.ca\/International\/wp-json\/wp\/v2\/posts\/12871\/revisions"}],"wp:featuredmedia":[{"embeddable":true,"href":"https:\/\/linitiative.ca\/International\/wp-json\/"}],"wp:attachment":[{"href":"https:\/\/linitiative.ca\/International\/wp-json\/wp\/v2\/media?parent=12871"}],"wp:term":[{"taxonomy":"category","embeddable":true,"href":"https:\/\/linitiative.ca\/International\/wp-json\/wp\/v2\/categories?post=12871"},{"taxonomy":"post_tag","embeddable":true,"href":"https:\/\/linitiative.ca\/International\/wp-json\/wp\/v2\/tags?post=12871"}],"curies":[{"name":"wp","href":"https:\/\/api.w.org\/{rel}","templated":true}]}}