{"id":12873,"date":"2019-02-10T13:16:11","date_gmt":"2019-02-10T18:16:11","guid":{"rendered":"https:\/\/linitiative.ca\/International\/algerie-a-81-ans-bouteflika-officiellement-candidat-a-sa-propre-succession\/"},"modified":"2019-02-10T13:16:11","modified_gmt":"2019-02-10T18:16:11","slug":"algerie-a-81-ans-bouteflika-officiellement-candidat-a-sa-propre-succession","status":"publish","type":"post","link":"https:\/\/linitiative.ca\/International\/algerie-a-81-ans-bouteflika-officiellement-candidat-a-sa-propre-succession\/","title":{"rendered":"Alg\u00e9rie \u2013 \u00e0 81 ans, Bouteflika officiellement candidat \u00e0 sa propre succession"},"content":{"rendered":"<div class=\"post-cont-in left relative\">\n<div class=\"nc_socialPanel swp_flatFresh swp_d_fullColor swp_i_fullColor swp_o_fullColor scale-100 scale-fullWidth\" data-position=\"none\" data-float=\"floatNone\" data-count=\"5\" data-floatcolor=\"#ffffff\" data-emphasize=\"0\">\n<div class=\"nc_tweetContainer totes totesalt\" data-id=\"6\"><span class=\"swp_count\"><span class=\"swp_label\">Partages<\/span> 27<\/span><\/div>\n<\/div>\n<p>Les agences de presse officielle d\u2019Alg\u00e9rie ont annonc\u00e9 que le pr\u00e9sident Abdelaziz Bouteflika vient de d\u00e9poser officiellement sa candidature pour un cinqui\u00e8me mandat cons\u00e9cutif, \u00e0 l\u2019\u00e2ge de 81 ans.<\/p>\n<p>Cette candidature sera, selon les m\u00eames sources, annonc\u00e9e dans un message adress\u00e9 par Bouteflika \u00e0 la nation, ce dimanche.<\/p>\n<div class=\"code-block code-block-1 c4\"><ins class=\"adsbygoogle c3\" data-ad-layout=\"in-article\" data-ad-format=\"fluid\" data-ad-client=\"ca-pub-2102118777505746\" data-ad-slot=\"7301775417\"\/> <\/div>\n<div class=\"mvp-org-wrap mvp-org-logo\" itemprop=\"publisher\" itemscope=\"\" itemtype=\"https:\/\/schema.org\/Organization\"><img decoding=\"async\" src=\"https:\/\/www.tunisienumerique.com\/wp-content\/uploads\/2017\/02\/logo_tunisie_numerique.png\"\/><\/div>\n<div class=\"nc_socialPanel swp_flatFresh swp_d_fullColor swp_i_fullColor swp_o_fullColor scale-100 scale-fullWidth\" data-position=\"none\" data-float=\"floatNone\" data-count=\"5\" data-floatcolor=\"#ffffff\" data-emphasize=\"0\">\n<div class=\"nc_tweetContainer totes totesalt\" data-id=\"6\"><span class=\"swp_count\"><span class=\"swp_label\">Partages<\/span> 27<\/span><\/div>\n<\/div>\n<div class=\"mvp-related-posts left relative\">\n<h4 class=\"post-header\"><span class=\"post-header\">Lire aussi<\/span><\/h4>\n<\/div>\n<\/div>\n","protected":false},"excerpt":{"rendered":"<p>Partages 27 Les agences de presse officielle d\u2019Alg\u00e9rie ont annonc\u00e9 que le pr\u00e9sident Abdelaziz Bouteflika vient de d\u00e9poser officiellement sa candidature pour un cinqui\u00e8me mandat cons\u00e9cutif, \u00e0 l\u2019\u00e2ge de 81 ans. Cette candidature sera, selon les m\u00eames sources, annonc\u00e9e dans un message adress\u00e9 par Bouteflika \u00e0 la nation, ce dimanche. Partages 27 Lire aussi<\/p>\n","protected":false},"author":1789,"featured_media":12874,"comment_status":"closed","ping_status":"closed","sticky":false,"template":"","format":"standard","meta":{"fifu_image_url":"","fifu_image_alt":"","footnotes":""},"categories":[73,55],"tags":[],"class_list":["post-12873","post","type-post","status-publish","format-standard","has-post-thumbnail","hentry","category-actualite","category-tunisie"],"_links":{"self":[{"href":"https:\/\/linitiative.ca\/International\/wp-json\/wp\/v2\/posts\/12873","targetHints":{"allow":["GET"]}}],"collection":[{"href":"https:\/\/linitiative.ca\/International\/wp-json\/wp\/v2\/posts"}],"about":[{"href":"https:\/\/linitiative.ca\/International\/wp-json\/wp\/v2\/types\/post"}],"author":[{"embeddable":true,"href":"https:\/\/linitiative.ca\/International\/wp-json\/wp\/v2\/users\/1789"}],"replies":[{"embeddable":true,"href":"https:\/\/linitiative.ca\/International\/wp-json\/wp\/v2\/comments?post=12873"}],"version-history":[{"count":0,"href":"https:\/\/linitiative.ca\/International\/wp-json\/wp\/v2\/posts\/12873\/revisions"}],"wp:featuredmedia":[{"embeddable":true,"href":"https:\/\/linitiative.ca\/International\/wp-json\/"}],"wp:attachment":[{"href":"https:\/\/linitiative.ca\/International\/wp-json\/wp\/v2\/media?parent=12873"}],"wp:term":[{"taxonomy":"category","embeddable":true,"href":"https:\/\/linitiative.ca\/International\/wp-json\/wp\/v2\/categories?post=12873"},{"taxonomy":"post_tag","embeddable":true,"href":"https:\/\/linitiative.ca\/International\/wp-json\/wp\/v2\/tags?post=12873"}],"curies":[{"name":"wp","href":"https:\/\/api.w.org\/{rel}","templated":true}]}}