{"id":12875,"date":"2019-02-10T13:30:40","date_gmt":"2019-02-10T18:30:40","guid":{"rendered":"https:\/\/linitiative.ca\/International\/tunisie-une-initiative-politique-pour-regrouper-les-dissidents-de-nidaa-tounes\/"},"modified":"2019-02-10T13:30:40","modified_gmt":"2019-02-10T18:30:40","slug":"tunisie-une-initiative-politique-pour-regrouper-les-dissidents-de-nidaa-tounes","status":"publish","type":"post","link":"https:\/\/linitiative.ca\/International\/tunisie-une-initiative-politique-pour-regrouper-les-dissidents-de-nidaa-tounes\/","title":{"rendered":"Tunisie \u2013 Une initiative politique pour regrouper les \u00ab\u00a0dissidents\u00a0\u00bb de Nidaa Tounes"},"content":{"rendered":"<div class=\"post-cont-in left relative\">\n<div class=\"nc_socialPanel swp_flatFresh swp_d_fullColor swp_i_fullColor swp_o_fullColor scale-100 scale-fullWidth\" data-position=\"none\" data-float=\"floatNone\" data-count=\"5\" data-floatcolor=\"#ffffff\" data-emphasize=\"0\">\n<div class=\"nc_tweetContainer totes totesalt\" data-id=\"6\"><span class=\"swp_count\"><span class=\"swp_label\">Partages<\/span> 68<\/span><\/div>\n<\/div>\n<p>L\u2019ancien leader au sein de Nidaa Tounes, Mondher Bel Haj Ali a annonc\u00e9 une nouvelle initiative politique qui consistera en une tentative de r\u00e9unir de nouveau tous les membres et cadres qui\u00a0ont quitt\u00e9 le parti.<\/p>\n<p>Il a assur\u00e9 que cette d\u00e9cision sera annonc\u00e9e ce lundi, suite \u00e0 une deuxi\u00e8me r\u00e9union du bureau ex\u00e9cutif du parti dans sa forme et sa composition de 2014. Sachant qu\u2019une pr\u00e9c\u00e9dente r\u00e9union a regroup\u00e9 tous ses cadres, il y a dix jours.<\/p>\n<div class=\"code-block code-block-1 c3\"><ins class=\"adsbygoogle c2\" data-ad-layout=\"in-article\" data-ad-format=\"fluid\" data-ad-client=\"ca-pub-2102118777505746\" data-ad-slot=\"7301775417\"\/> <\/div>\n<p>Bel Haj Ali a assur\u00e9 que les participants vont, en principe, soutenir le comit\u00e9 de pr\u00e9paration du prochain congr\u00e8s du parti, \u00e0 condition que celle-ci s\u2019engage dans une proc\u00e9dure de pr\u00e9paration d\u2019un congr\u00e8s d\u00e9mocratique.<\/p>\n<p>Sur un autre plan, Bel Haj Ali a d\u00e9menti que tous les\u00a0d\u00e9missionnaires avaient quitt\u00e9 le parti \u00e0 cause de Hafedh Ca\u00efed Essebsi, assurant qu\u2019ils avaient claqu\u00e9 la porte, suite \u00e0 la politique de consensus avec Ennahdha, de l\u2019absence de d\u00e9mocratie et les reports r\u00e9p\u00e9t\u00e9s du congr\u00e8s.<\/p>\n<p>Concernant la coordination de cette initiative avec BCE, Bel Haj Ali a assur\u00e9 qu\u2019il faudrait bien composer avec BCE, pr\u00e9sident fondateur du parti. Mais ni cette d\u00e9cision ni son timing, n\u2019ont encore \u00e9t\u00e9 fix\u00e9s.<\/p>\n<p><img loading=\"lazy\" decoding=\"async\" class=\"aligncenter size-full wp-image-415114\" src=\"https:\/\/www.tunisienumerique.com\/wp-content\/uploads\/2019\/02\/mondher-post.jpg\" alt=\"\" width=\"526\" height=\"451\" srcset=\"https:\/\/www.tunisienumerique.com\/wp-content\/uploads\/2019\/02\/mondher-post.jpg 526w, https:\/\/www.tunisienumerique.com\/wp-content\/uploads\/2019\/02\/mondher-post-80x68.jpg 80w, https:\/\/www.tunisienumerique.com\/wp-content\/uploads\/2019\/02\/mondher-post-231x199.jpg 231w\" sizes=\"auto, (max-width: 526px) 100vw, 526px\"\/><\/p>\n<div class=\"mvp-org-wrap mvp-org-logo\" itemprop=\"publisher\" itemscope=\"\" itemtype=\"https:\/\/schema.org\/Organization\"><img decoding=\"async\" src=\"https:\/\/www.tunisienumerique.com\/wp-content\/uploads\/2017\/02\/logo_tunisie_numerique.png\"\/><\/div>\n<div class=\"nc_socialPanel swp_flatFresh swp_d_fullColor swp_i_fullColor swp_o_fullColor scale-100 scale-fullWidth\" data-position=\"none\" data-float=\"floatNone\" data-count=\"5\" data-floatcolor=\"#ffffff\" data-emphasize=\"0\">\n<div class=\"nc_tweetContainer totes totesalt\" data-id=\"6\"><span class=\"swp_count\"><span class=\"swp_label\">Partages<\/span> 68<\/span><\/div>\n<\/div>\n<div class=\"mvp-related-posts left relative\">\n<h4 class=\"post-header\"><span class=\"post-header\">Lire aussi<\/span><\/h4>\n<\/div>\n<\/div>\n","protected":false},"excerpt":{"rendered":"<p>Partages 68 L\u2019ancien leader au sein de Nidaa Tounes, Mondher Bel Haj Ali a annonc\u00e9 une nouvelle initiative politique qui consistera en une tentative de r\u00e9unir de nouveau tous les membres et cadres qui\u00a0ont quitt\u00e9 le parti. Il a assur\u00e9 que cette d\u00e9cision sera annonc\u00e9e ce lundi, suite \u00e0 une deuxi\u00e8me r\u00e9union du bureau ex\u00e9cutif [&hellip;]<\/p>\n","protected":false},"author":1789,"featured_media":12876,"comment_status":"closed","ping_status":"closed","sticky":false,"template":"","format":"standard","meta":{"fifu_image_url":"","fifu_image_alt":"","footnotes":""},"categories":[73,55],"tags":[],"class_list":["post-12875","post","type-post","status-publish","format-standard","has-post-thumbnail","hentry","category-actualite","category-tunisie"],"_links":{"self":[{"href":"https:\/\/linitiative.ca\/International\/wp-json\/wp\/v2\/posts\/12875","targetHints":{"allow":["GET"]}}],"collection":[{"href":"https:\/\/linitiative.ca\/International\/wp-json\/wp\/v2\/posts"}],"about":[{"href":"https:\/\/linitiative.ca\/International\/wp-json\/wp\/v2\/types\/post"}],"author":[{"embeddable":true,"href":"https:\/\/linitiative.ca\/International\/wp-json\/wp\/v2\/users\/1789"}],"replies":[{"embeddable":true,"href":"https:\/\/linitiative.ca\/International\/wp-json\/wp\/v2\/comments?post=12875"}],"version-history":[{"count":0,"href":"https:\/\/linitiative.ca\/International\/wp-json\/wp\/v2\/posts\/12875\/revisions"}],"wp:featuredmedia":[{"embeddable":true,"href":"https:\/\/linitiative.ca\/International\/wp-json\/"}],"wp:attachment":[{"href":"https:\/\/linitiative.ca\/International\/wp-json\/wp\/v2\/media?parent=12875"}],"wp:term":[{"taxonomy":"category","embeddable":true,"href":"https:\/\/linitiative.ca\/International\/wp-json\/wp\/v2\/categories?post=12875"},{"taxonomy":"post_tag","embeddable":true,"href":"https:\/\/linitiative.ca\/International\/wp-json\/wp\/v2\/tags?post=12875"}],"curies":[{"name":"wp","href":"https:\/\/api.w.org\/{rel}","templated":true}]}}