{"id":12877,"date":"2019-02-10T14:06:17","date_gmt":"2019-02-10T19:06:17","guid":{"rendered":"https:\/\/linitiative.ca\/International\/tunisie-slim-riahi-notre-candidat-sera-bce-sil-le-veut-bien\/"},"modified":"2019-02-10T14:06:17","modified_gmt":"2019-02-10T19:06:17","slug":"tunisie-slim-riahi-notre-candidat-sera-bce-sil-le-veut-bien","status":"publish","type":"post","link":"https:\/\/linitiative.ca\/International\/tunisie-slim-riahi-notre-candidat-sera-bce-sil-le-veut-bien\/","title":{"rendered":"Tunisie \u2013 Slim Riahi\u00a0: Notre candidat sera BCE s\u2019il le veut bien\u00a0!"},"content":{"rendered":"<div class=\"post-cont-in left relative\">\n<div class=\"nc_socialPanel swp_flatFresh swp_d_fullColor swp_i_fullColor swp_o_fullColor scale-100 scale-fullWidth\" data-position=\"none\" data-float=\"floatNone\" data-count=\"5\" data-floatcolor=\"#ffffff\" data-emphasize=\"0\">\n<div class=\"nc_tweetContainer totes totesalt\" data-id=\"6\"><span class=\"swp_count\"><span class=\"swp_label\">Partages<\/span> 25<\/span><\/div>\n<\/div>\n<p>Le Secr\u00e9taire g\u00e9n\u00e9ral de Nidaa Tounes, Slim Rihi a\u00a0 confi\u00e9 au journal \u00e9mirati\u00a0\u00ab\u00a0Al Khalij\u00a0\u00bb, que le candidat de Nidaa Tounes aux prochaines \u00e9lections pr\u00e9sidentielles sera, tout naturellement, le chef de l\u2019Etat actuel, B\u00e9ji Ca\u00efed Essebsi, s\u2019il le veut bien, ajoutant qu\u2019il n\u2019y a aucune raison constitutionnelle qui l\u2019emp\u00eache de se repr\u00e9senter.<\/p>\n<p>Riahi a, par ailleurs, assur\u00e9 que son parti \u0153uvrera, juste apr\u00e8s les \u00e9lections, \u00e0 la r\u00e9vision de la Constitution, en vue de r\u00e9tablir le syst\u00e8me politique pr\u00e9sidentiel, devant l\u2019\u00e9chec flagrant du syst\u00e8me parlementaire et \u00e0 modifier le code \u00e9lectoral, de fa\u00e7on \u00e0 ne plus se retrouver dans des situations de blocage, comme c\u2019est le cas, maintenant.<\/p>\n<div class=\"code-block code-block-1 c4\"><ins class=\"adsbygoogle c3\" data-ad-layout=\"in-article\" data-ad-format=\"fluid\" data-ad-client=\"ca-pub-2102118777505746\" data-ad-slot=\"7301775417\"\/> <\/div>\n<div class=\"mvp-org-wrap mvp-org-logo\" itemprop=\"publisher\" itemscope=\"\" itemtype=\"https:\/\/schema.org\/Organization\"><img decoding=\"async\" src=\"https:\/\/www.tunisienumerique.com\/wp-content\/uploads\/2017\/02\/logo_tunisie_numerique.png\"\/><\/div>\n<div class=\"nc_socialPanel swp_flatFresh swp_d_fullColor swp_i_fullColor swp_o_fullColor scale-100 scale-fullWidth\" data-position=\"none\" data-float=\"floatNone\" data-count=\"5\" data-floatcolor=\"#ffffff\" data-emphasize=\"0\">\n<div class=\"nc_tweetContainer totes totesalt\" data-id=\"6\"><span class=\"swp_count\"><span class=\"swp_label\">Partages<\/span> 25<\/span><\/div>\n<\/div>\n<div class=\"mvp-related-posts left relative\">\n<h4 class=\"post-header\"><span class=\"post-header\">Lire aussi<\/span><\/h4>\n<\/div>\n<\/div>\n","protected":false},"excerpt":{"rendered":"<p>Partages 25 Le Secr\u00e9taire g\u00e9n\u00e9ral de Nidaa Tounes, Slim Rihi a\u00a0 confi\u00e9 au journal \u00e9mirati\u00a0\u00ab\u00a0Al Khalij\u00a0\u00bb, que le candidat de Nidaa Tounes aux prochaines \u00e9lections pr\u00e9sidentielles sera, tout naturellement, le chef de l\u2019Etat actuel, B\u00e9ji Ca\u00efed Essebsi, s\u2019il le veut bien, ajoutant qu\u2019il n\u2019y a aucune raison constitutionnelle qui l\u2019emp\u00eache de se repr\u00e9senter. Riahi a, [&hellip;]<\/p>\n","protected":false},"author":1789,"featured_media":12878,"comment_status":"closed","ping_status":"closed","sticky":false,"template":"","format":"standard","meta":{"fifu_image_url":"","fifu_image_alt":"","footnotes":""},"categories":[73,55],"tags":[],"class_list":["post-12877","post","type-post","status-publish","format-standard","has-post-thumbnail","hentry","category-actualite","category-tunisie"],"_links":{"self":[{"href":"https:\/\/linitiative.ca\/International\/wp-json\/wp\/v2\/posts\/12877","targetHints":{"allow":["GET"]}}],"collection":[{"href":"https:\/\/linitiative.ca\/International\/wp-json\/wp\/v2\/posts"}],"about":[{"href":"https:\/\/linitiative.ca\/International\/wp-json\/wp\/v2\/types\/post"}],"author":[{"embeddable":true,"href":"https:\/\/linitiative.ca\/International\/wp-json\/wp\/v2\/users\/1789"}],"replies":[{"embeddable":true,"href":"https:\/\/linitiative.ca\/International\/wp-json\/wp\/v2\/comments?post=12877"}],"version-history":[{"count":0,"href":"https:\/\/linitiative.ca\/International\/wp-json\/wp\/v2\/posts\/12877\/revisions"}],"wp:featuredmedia":[{"embeddable":true,"href":"https:\/\/linitiative.ca\/International\/wp-json\/"}],"wp:attachment":[{"href":"https:\/\/linitiative.ca\/International\/wp-json\/wp\/v2\/media?parent=12877"}],"wp:term":[{"taxonomy":"category","embeddable":true,"href":"https:\/\/linitiative.ca\/International\/wp-json\/wp\/v2\/categories?post=12877"},{"taxonomy":"post_tag","embeddable":true,"href":"https:\/\/linitiative.ca\/International\/wp-json\/wp\/v2\/tags?post=12877"}],"curies":[{"name":"wp","href":"https:\/\/api.w.org\/{rel}","templated":true}]}}