{"id":128774,"date":"2021-10-01T00:49:32","date_gmt":"2021-10-01T04:49:32","guid":{"rendered":"https:\/\/linitiative.ca\/International\/filiere-banane-le-cameroun-veut-porter-sa-production-a-500-000-tonnes-a-lhorizon-2030\/"},"modified":"2021-10-01T00:49:32","modified_gmt":"2021-10-01T04:49:32","slug":"filiere-banane-le-cameroun-veut-porter-sa-production-a-500-000-tonnes-a-lhorizon-2030","status":"publish","type":"post","link":"https:\/\/linitiative.ca\/International\/filiere-banane-le-cameroun-veut-porter-sa-production-a-500-000-tonnes-a-lhorizon-2030\/","title":{"rendered":"Fili\u00e8re banane : le Cameroun veut porter sa production \u00e0 500 000 tonnes \u00e0 l\u2019horizon 2030"},"content":{"rendered":"<div>\n<p>Le 29 septembre 2021, la fili\u00e8re banane \u00e9tait au c\u0153ur des pr\u00e9occupations \u00e0 l\u2019auditorium du Premier minist\u00e8re. C\u2019\u00e9tait au cours d\u2019une rencontre qui r\u00e9unissait autour du Chef du gouvernement Joseph Dion Ngute, les minist\u00e8res impliqu\u00e9s, les diff\u00e9rentes soci\u00e9t\u00e9s productrices de banane et les autres parties prenantes.<\/p>\n<p><strong>Lire aussi<\/strong> : <strong><a href=\"https:\/\/ecomatin.net\/php-et-cdc-maintiennent-a-la-hausse-les-exportations-de-la-banane-camerounaise-au-mois-daout\/\">PHP et CDC maintiennent \u00e0 la hausse les exportations de la banane camerounaise au mois d\u2019ao\u00fbt<\/a><\/strong><\/p>\n<p>Au sortir de cette rencontre l\u2019on apprend alors que\u00a0\u00ab\u00a0la strat\u00e9gie du gouvernement devrait nous permettre \u00e0 l\u2019horizon 2030 de produire 500\u00a0000 tonnes de banane\u00a0\u00bb, confie Gabriel Mbairob\u00e9, ministre de l\u2019Agriculture et du d\u00e9veloppement\u00a0\u00a0rurale (Minader).\u00a0Les\u00a0Plantations du Haut Penja (PHP), filiale de la compagnie fruiti\u00e8re de Marseille\u00a0; la Cameroon development coorporation (CDC)\u00a0; la Boh Plantations (B PL) et les op\u00e9rateurs priv\u00e9s, acteurs principaux de la fili\u00e8re sont alors directement interpell\u00e9s. Les articulations de ce plan peuvent d\u00e9j\u00e0 \u00eatre perceptibles au vue des recommandations faites hier par le chef du gouvernement. Il s\u2019agit notamment de la\u00a0r\u00e9habilitation des plantations de bananeraies, la recherche de nouveaux pesticides pour les plantations, la dynamisation du secteur, une t\u00e2che d\u00e9volue au minist\u00e8re des Finances et aux Imp\u00f4ts.<\/p>\n<p><strong>Lire aussi<\/strong> : <strong><a href=\"https:\/\/ecomatin.net\/les-exportations-de-banane-baissent-de-17-en-juillet-2021\/\">Les exportations de banane baissent de 17% en juillet 2021<\/a><\/strong><\/p>\n<p>Un accent particulier a notamment \u00e9t\u00e9 mis sur la\u00a0<strong><a href=\"https:\/\/ecomatin.net\/filiere-banane-la-cdc-booste-less-exportationss-de-banane-au-1er-semestre-2021\/\">CDC<\/a><\/strong>\u00a0au courant de cette rencontre. L\u2019op\u00e9rateur \u00e9tatique du secteur subi de plein fouet les affres de la crise s\u00e9curitaire qui s\u00e9vit dans la r\u00e9gion du Sud-Ouest. Ce qui l\u2019avait conduit \u00e0 une cessation d\u2019activit\u00e9s au mois d\u2019ao\u00fbt 2018. Ce n\u2019est qu\u2019en juin 2020 que cette entreprise a repris du service. Son\u00a0interruption des activit\u00e9s avait conduit \u00e0 une mise en cong\u00e9s technique d\u2019environ 5 000 travailleurs et la baisse des recettes en devises d\u2019environ 35 milliards de Fcfa par an.\u00a0\u00ab\u00a0Aujourd\u2019hui, il y\u2019a un Plan de reconstruction, qui devrait permettre \u00e0 la CDC qui a perdu pratiquement 3300 hectares de r\u00e9habiliter environ 3200 hectares, avec les fonds europ\u00e9ens et la contribution du gouvernement\u00a0\u00bb, a indiqu\u00e9 Gabriel Mbairob\u00e9. Notons par ailleurs qu\u2019en 2016,\u00a0avant la crise sociopolitique, la CDC \u00e0 elle seule avait\u00a0une contribution d\u2019environ 113\u00a0000 tonnes.<\/p>\n<p><strong>Lire aussi<\/strong> : <strong><a href=\"https:\/\/ecomatin.net\/filiere-banane-la-cdc-booste-less-exportationss-de-banane-au-1er-semestre-2021\/\">Fili\u00e8re banane : la CDC booste les exportations de banane au 1er semestre 2021<\/a><\/strong><\/p>\n<p>Rendu au neuvi\u00e8me mois de l\u2019ann\u00e9e 2021, les trois op\u00e9rateurs r\u00e9unis que sont PHP, CDC et B PL ont d\u00e9j\u00e0 export\u00e9 120\u00a0260 tonnes. Soit respectivement 99\u00a0913 tonnes, 11\u00a0194 tonnes et 9\u00a0153 tonnes.<\/p>\n<p>L\u2019article <a rel=\"nofollow\" href=\"https:\/\/ecomatin.net\/filiere-banane-le-cameroun-veut-porter-sa-production-a-500-000-tonnes-a-lhorizon-2030\/\">Fili\u00e8re banane : le Cameroun veut porter sa production \u00e0 500 000 tonnes \u00e0 l\u2019horizon 2030<\/a> est apparu en premier sur <a rel=\"nofollow\" href=\"https:\/\/ecomatin.net\/\">EcoMatin<\/a>.<\/p>\n<\/div>\n<p>Auteur: Cindy MBALA<br \/>\n<a href=\"https:\/\/ecomatin.net\/filiere-banane-le-cameroun-veut-porter-sa-production-a-500-000-tonnes-a-lhorizon-2030\/\">Cliquez ici pour lire l&rsquo;article depuis sa source.<\/a><\/p>\n","protected":false},"excerpt":{"rendered":"<p>Le 29 septembre 2021, la fili\u00e8re banane \u00e9tait au c\u0153ur des pr\u00e9occupations \u00e0 l\u2019auditorium du Premier minist\u00e8re. C\u2019\u00e9tait au cours d\u2019une rencontre qui r\u00e9unissait autour du Chef du gouvernement Joseph Dion Ngute, les minist\u00e8res impliqu\u00e9s, les diff\u00e9rentes soci\u00e9t\u00e9s productrices de banane et les autres parties prenantes. Lire aussi : PHP et CDC maintiennent \u00e0 la [&hellip;]<\/p>\n","protected":false},"author":1969,"featured_media":0,"comment_status":"closed","ping_status":"closed","sticky":false,"template":"","format":"standard","meta":{"fifu_image_url":"","fifu_image_alt":"","footnotes":""},"categories":[82,78],"tags":[],"class_list":["post-128774","post","type-post","status-publish","format-standard","hentry","category-cameroun","category-economie"],"_links":{"self":[{"href":"https:\/\/linitiative.ca\/International\/wp-json\/wp\/v2\/posts\/128774","targetHints":{"allow":["GET"]}}],"collection":[{"href":"https:\/\/linitiative.ca\/International\/wp-json\/wp\/v2\/posts"}],"about":[{"href":"https:\/\/linitiative.ca\/International\/wp-json\/wp\/v2\/types\/post"}],"author":[{"embeddable":true,"href":"https:\/\/linitiative.ca\/International\/wp-json\/wp\/v2\/users\/1969"}],"replies":[{"embeddable":true,"href":"https:\/\/linitiative.ca\/International\/wp-json\/wp\/v2\/comments?post=128774"}],"version-history":[{"count":0,"href":"https:\/\/linitiative.ca\/International\/wp-json\/wp\/v2\/posts\/128774\/revisions"}],"wp:attachment":[{"href":"https:\/\/linitiative.ca\/International\/wp-json\/wp\/v2\/media?parent=128774"}],"wp:term":[{"taxonomy":"category","embeddable":true,"href":"https:\/\/linitiative.ca\/International\/wp-json\/wp\/v2\/categories?post=128774"},{"taxonomy":"post_tag","embeddable":true,"href":"https:\/\/linitiative.ca\/International\/wp-json\/wp\/v2\/tags?post=128774"}],"curies":[{"name":"wp","href":"https:\/\/api.w.org\/{rel}","templated":true}]}}