{"id":12879,"date":"2019-02-10T14:17:09","date_gmt":"2019-02-10T19:17:09","guid":{"rendered":"https:\/\/linitiative.ca\/International\/tunisie-audio-ghannouchi-ennahdha-serait-heureuse-de-trouver-un-terrain-dentente-avec-tahya-tounes\/"},"modified":"2019-02-10T14:17:09","modified_gmt":"2019-02-10T19:17:09","slug":"tunisie-audio-ghannouchi-ennahdha-serait-heureuse-de-trouver-un-terrain-dentente-avec-tahya-tounes","status":"publish","type":"post","link":"https:\/\/linitiative.ca\/International\/tunisie-audio-ghannouchi-ennahdha-serait-heureuse-de-trouver-un-terrain-dentente-avec-tahya-tounes\/","title":{"rendered":"Tunisie \u2013 AUDIO\u00a0: Ghannouchi\u00a0: Ennahdha serait heureuse de trouver un terrain d\u2019entente avec \u00ab\u00a0Tahya Tounes\u00a0\u00bb"},"content":{"rendered":"<div class=\"post-cont-in left relative\">\n<div class=\"nc_socialPanel swp_flatFresh swp_d_fullColor swp_i_fullColor swp_o_fullColor scale-100 scale-fullWidth\" data-position=\"none\" data-float=\"floatNone\" data-count=\"5\" data-floatcolor=\"#ffffff\" data-emphasize=\"0\">\n<div class=\"nc_tweetContainer totes totesalt\" data-id=\"6\"><span class=\"swp_count\"><span class=\"swp_label\">Partages<\/span> 27<\/span><\/div>\n<\/div>\n<p>Le pr\u00e9sident du parti islamiste Ennahdha, Rched Ghannouchi, a d\u00e9clar\u00e9, ce dimanche, en marge de sa participation \u00e0 le r\u00e9union du conseil de la Choura du parti \u00e0 Hammamet, qu\u2019ennahdha continue \u00e0 soutenir Chahed, en tant que chef du gouvernement, mais qu\u2019elle n\u2019a pas arr\u00eat\u00e9 sa position par rapport \u00e0 lui, s\u2019il venait \u00e0 se porter candidat aux pr\u00e9sidentielles.<\/p>\n<p>Ghannouchi a ajout\u00e9 que le parti Tahya Tounes est, toujours, en cours de constitution, et qu\u2019une fois constitu\u00e9, Ennahdha \u00e9tudiera les possibilit\u00e9s d\u2019alliance avec ce parti, et serait heureuse de trouver un terrain d\u2019entente avec lui.<\/p>\n<div class=\"code-block code-block-1 c4\"><ins class=\"adsbygoogle c3\" data-ad-layout=\"in-article\" data-ad-format=\"fluid\" data-ad-client=\"ca-pub-2102118777505746\" data-ad-slot=\"7301775417\"\/> <\/div>\n<p><a href=\"https:\/\/www.tunisienumerique.com\/wp-content\/uploads\/2019\/02\/Rached-Ghannouchi.mp3\">https:\/\/www.tunisienumerique.com\/wp-content\/uploads\/2019\/02\/Rached-Ghannouchi.mp3<\/a><\/p>\n<div class=\"mvp-org-wrap mvp-org-logo\" itemprop=\"publisher\" itemscope=\"\" itemtype=\"https:\/\/schema.org\/Organization\"><img decoding=\"async\" src=\"https:\/\/www.tunisienumerique.com\/wp-content\/uploads\/2017\/02\/logo_tunisie_numerique.png\"\/><\/div>\n<div class=\"nc_socialPanel swp_flatFresh swp_d_fullColor swp_i_fullColor swp_o_fullColor scale-100 scale-fullWidth\" data-position=\"none\" data-float=\"floatNone\" data-count=\"5\" data-floatcolor=\"#ffffff\" data-emphasize=\"0\">\n<div class=\"nc_tweetContainer totes totesalt\" data-id=\"6\"><span class=\"swp_count\"><span class=\"swp_label\">Partages<\/span> 27<\/span><\/div>\n<\/div>\n<div class=\"mvp-related-posts left relative\">\n<h4 class=\"post-header\"><span class=\"post-header\">Lire aussi<\/span><\/h4>\n<\/div>\n<\/div>\n","protected":false},"excerpt":{"rendered":"<p>Partages 27 Le pr\u00e9sident du parti islamiste Ennahdha, Rched Ghannouchi, a d\u00e9clar\u00e9, ce dimanche, en marge de sa participation \u00e0 le r\u00e9union du conseil de la Choura du parti \u00e0 Hammamet, qu\u2019ennahdha continue \u00e0 soutenir Chahed, en tant que chef du gouvernement, mais qu\u2019elle n\u2019a pas arr\u00eat\u00e9 sa position par rapport \u00e0 lui, s\u2019il venait [&hellip;]<\/p>\n","protected":false},"author":1789,"featured_media":12880,"comment_status":"closed","ping_status":"closed","sticky":false,"template":"","format":"standard","meta":{"fifu_image_url":"","fifu_image_alt":"","footnotes":""},"categories":[73,55],"tags":[],"class_list":["post-12879","post","type-post","status-publish","format-standard","has-post-thumbnail","hentry","category-actualite","category-tunisie"],"_links":{"self":[{"href":"https:\/\/linitiative.ca\/International\/wp-json\/wp\/v2\/posts\/12879","targetHints":{"allow":["GET"]}}],"collection":[{"href":"https:\/\/linitiative.ca\/International\/wp-json\/wp\/v2\/posts"}],"about":[{"href":"https:\/\/linitiative.ca\/International\/wp-json\/wp\/v2\/types\/post"}],"author":[{"embeddable":true,"href":"https:\/\/linitiative.ca\/International\/wp-json\/wp\/v2\/users\/1789"}],"replies":[{"embeddable":true,"href":"https:\/\/linitiative.ca\/International\/wp-json\/wp\/v2\/comments?post=12879"}],"version-history":[{"count":0,"href":"https:\/\/linitiative.ca\/International\/wp-json\/wp\/v2\/posts\/12879\/revisions"}],"wp:featuredmedia":[{"embeddable":true,"href":"https:\/\/linitiative.ca\/International\/wp-json\/"}],"wp:attachment":[{"href":"https:\/\/linitiative.ca\/International\/wp-json\/wp\/v2\/media?parent=12879"}],"wp:term":[{"taxonomy":"category","embeddable":true,"href":"https:\/\/linitiative.ca\/International\/wp-json\/wp\/v2\/categories?post=12879"},{"taxonomy":"post_tag","embeddable":true,"href":"https:\/\/linitiative.ca\/International\/wp-json\/wp\/v2\/tags?post=12879"}],"curies":[{"name":"wp","href":"https:\/\/api.w.org\/{rel}","templated":true}]}}