{"id":12881,"date":"2019-02-10T14:44:44","date_gmt":"2019-02-10T19:44:44","guid":{"rendered":"https:\/\/linitiative.ca\/International\/tunisie-ras-jedir-grand-afflux-de-familles-libyennes-vers-le-territoire-tunisien\/"},"modified":"2019-02-10T14:44:44","modified_gmt":"2019-02-10T19:44:44","slug":"tunisie-ras-jedir-grand-afflux-de-familles-libyennes-vers-le-territoire-tunisien","status":"publish","type":"post","link":"https:\/\/linitiative.ca\/International\/tunisie-ras-jedir-grand-afflux-de-familles-libyennes-vers-le-territoire-tunisien\/","title":{"rendered":"Tunisie \u2013 Ras Jedir\u00a0: Grand afflux de familles libyennes vers le territoire tunisien"},"content":{"rendered":"<div class=\"post-cont-in left relative\">\n<div class=\"nc_socialPanel swp_flatFresh swp_d_fullColor swp_i_fullColor swp_o_fullColor scale-100 scale-fullWidth\" data-position=\"none\" data-float=\"floatNone\" data-count=\"5\" data-floatcolor=\"#ffffff\" data-emphasize=\"0\">\n<div class=\"nc_tweetContainer totes totesalt\" data-id=\"6\"><span class=\"swp_count\"><span class=\"swp_label\">Partages<\/span> 11<\/span><\/div>\n<\/div>\n<p>Le passage frontalier de Ras Jedir connait, depuis\u00a0ce samedi, un afflux\u00a0d\u00e9mesur\u00e9 de voitures libyennes, transportant des familles en direction du territoire tunisien.<\/p>\n<p>Cet afflux\u00a0\u00e9tait tellement important, que les d\u00e9lais d\u2019attente pour le passage de la fronti\u00e8re a atteint, par moment, les sept heures.<\/p>\n<div class=\"code-block code-block-1 c4\"><ins class=\"adsbygoogle c3\" data-ad-layout=\"in-article\" data-ad-format=\"fluid\" data-ad-client=\"ca-pub-2102118777505746\" data-ad-slot=\"7301775417\"\/> <\/div>\n<p>Certaines familles libyennes ont expliqu\u00e9 ce d\u00e9ferlement par le d\u00e9but des vacances scolaires en Libye. Les parents en ont profit\u00e9 pour venir en Tunisie, se reposer et\u00a0faire\u00a0des achats, vu que les march\u00e9s libyens sont plut\u00f4t d\u00e9garnis.<\/p>\n<div class=\"mvp-org-wrap mvp-org-logo\" itemprop=\"publisher\" itemscope=\"\" itemtype=\"https:\/\/schema.org\/Organization\"><img decoding=\"async\" src=\"https:\/\/www.tunisienumerique.com\/wp-content\/uploads\/2017\/02\/logo_tunisie_numerique.png\"\/><\/div>\n<div class=\"nc_socialPanel swp_flatFresh swp_d_fullColor swp_i_fullColor swp_o_fullColor scale-100 scale-fullWidth\" data-position=\"none\" data-float=\"floatNone\" data-count=\"5\" data-floatcolor=\"#ffffff\" data-emphasize=\"0\">\n<div class=\"nc_tweetContainer totes totesalt\" data-id=\"6\"><span class=\"swp_count\"><span class=\"swp_label\">Partages<\/span> 11<\/span><\/div>\n<\/div>\n<div class=\"mvp-related-posts left relative\">\n<h4 class=\"post-header\"><span class=\"post-header\">Lire aussi<\/span><\/h4>\n<\/div>\n<\/div>\n","protected":false},"excerpt":{"rendered":"<p>Partages 11 Le passage frontalier de Ras Jedir connait, depuis\u00a0ce samedi, un afflux\u00a0d\u00e9mesur\u00e9 de voitures libyennes, transportant des familles en direction du territoire tunisien. Cet afflux\u00a0\u00e9tait tellement important, que les d\u00e9lais d\u2019attente pour le passage de la fronti\u00e8re a atteint, par moment, les sept heures. Certaines familles libyennes ont expliqu\u00e9 ce d\u00e9ferlement par le d\u00e9but [&hellip;]<\/p>\n","protected":false},"author":1789,"featured_media":12882,"comment_status":"closed","ping_status":"closed","sticky":false,"template":"","format":"standard","meta":{"fifu_image_url":"","fifu_image_alt":"","footnotes":""},"categories":[73,55],"tags":[],"class_list":["post-12881","post","type-post","status-publish","format-standard","has-post-thumbnail","hentry","category-actualite","category-tunisie"],"_links":{"self":[{"href":"https:\/\/linitiative.ca\/International\/wp-json\/wp\/v2\/posts\/12881","targetHints":{"allow":["GET"]}}],"collection":[{"href":"https:\/\/linitiative.ca\/International\/wp-json\/wp\/v2\/posts"}],"about":[{"href":"https:\/\/linitiative.ca\/International\/wp-json\/wp\/v2\/types\/post"}],"author":[{"embeddable":true,"href":"https:\/\/linitiative.ca\/International\/wp-json\/wp\/v2\/users\/1789"}],"replies":[{"embeddable":true,"href":"https:\/\/linitiative.ca\/International\/wp-json\/wp\/v2\/comments?post=12881"}],"version-history":[{"count":0,"href":"https:\/\/linitiative.ca\/International\/wp-json\/wp\/v2\/posts\/12881\/revisions"}],"wp:featuredmedia":[{"embeddable":true,"href":"https:\/\/linitiative.ca\/International\/wp-json\/"}],"wp:attachment":[{"href":"https:\/\/linitiative.ca\/International\/wp-json\/wp\/v2\/media?parent=12881"}],"wp:term":[{"taxonomy":"category","embeddable":true,"href":"https:\/\/linitiative.ca\/International\/wp-json\/wp\/v2\/categories?post=12881"},{"taxonomy":"post_tag","embeddable":true,"href":"https:\/\/linitiative.ca\/International\/wp-json\/wp\/v2\/tags?post=12881"}],"curies":[{"name":"wp","href":"https:\/\/api.w.org\/{rel}","templated":true}]}}