{"id":12883,"date":"2019-02-10T16:38:17","date_gmt":"2019-02-10T21:38:17","guid":{"rendered":"https:\/\/linitiative.ca\/International\/tunisie-video-youssef-chahed-sadresse-a-la-nation\/"},"modified":"2019-02-10T16:38:17","modified_gmt":"2019-02-10T21:38:17","slug":"tunisie-video-youssef-chahed-sadresse-a-la-nation","status":"publish","type":"post","link":"https:\/\/linitiative.ca\/International\/tunisie-video-youssef-chahed-sadresse-a-la-nation\/","title":{"rendered":"Tunisie \u2013 VIDEO : Youssef Chahed s\u2019adresse \u00e0 la Nation"},"content":{"rendered":"<div class=\"post-cont-in left relative\">\n<div class=\"nc_socialPanel swp_flatFresh swp_d_fullColor swp_i_fullColor swp_o_fullColor scale-100 scale-fullWidth\" data-position=\"none\" data-float=\"floatNone\" data-count=\"5\" data-floatcolor=\"#ffffff\" data-emphasize=\"0\">\n<div class=\"nc_tweetContainer totes totesalt\" data-id=\"6\"><span class=\"swp_count\"><span class=\"swp_label\">Partages<\/span> 54<\/span><\/div>\n<\/div>\n<p>L\u2019annonce avait \u00e9t\u00e9 faite quelques heures avant l\u2019intervention du chef du gouvernement. Youssef Chahed s\u2019est adress\u00e9 ce dimanche soir aux tunisiens,\u00a0via\u00a0la premi\u00e8re cha\u00eene de TV nationale.<\/p>\n<p>Le chef du gouvernement a commenc\u00e9 son intervention par exprimer sa satisfaction de l\u2019atteinte d\u2019accords dans les n\u00e9gociations sociales, suite \u00e0 des\u00a0pourparlers marathon, \u00e0 cause des contraintes budg\u00e9taires. Il a assur\u00e9 que le gouvernement, en collaboration avec son partenaire social, l\u2019UGTT ont pu atteindre un\u00a0consensus afin d\u2019am\u00e9liorer le pouvoir d\u2019achat des citoyens tout en pr\u00e9servant les \u00e9quilibres financiers de l\u2019Etat. Et ce, malgr\u00e9 les tentatives de certaines parties de saborder ces n\u00e9gociations.<\/p>\n<div class=\"code-block code-block-1 c4\"><ins class=\"adsbygoogle c3\" data-ad-layout=\"in-article\" data-ad-format=\"fluid\" data-ad-client=\"ca-pub-2102118777505746\" data-ad-slot=\"7301775417\"\/> <\/div>\n<p>Chahed a tenu \u00e0 remercier l\u2019UGTT et ses cadres pour leur esprit patriotique, ajoutant que le terrain d\u2019entente\u00a0allait pouvoir am\u00e9liorer le pouvoir d\u2019achat des fonctionnaires et des retrait\u00e9s, qu\u2019on ne pouvait pas oublier ou exclure des n\u00e9gociation, de m\u00eame que les s\u00e9curitaires et les militaires qui veillent sur le\u00a0pays.<\/p>\n<p>Il a tenu, par ailleurs, \u00e0 soulign\u00e9 l\u2019importance de l\u2019arrangement dans le secteur de l\u2019enseignement, car la menace de l\u2019ann\u00e9e blanche a commenc\u00e9 \u00e0 planer sur le pays et \u00e0 angoisser les parents.<\/p>\n<p>Il\u00a0a assur\u00e9 avoir pu atteindre un\u00a0consentement\u00a0pour satisfaire le maximum des revendications des enseignants, tout en veillant \u00e0 pr\u00e9server les \u00e9quilibres financiers de l\u2019Etat.<\/p>\n<p>Il a tenu \u00e0 pr\u00e9ciser que, contrairement \u00e0 ce que pr\u00e9tendent certains, seul le dialogue a permis \u00e0 la Tunisie de d\u00e9passer ses crises, de m\u00eame que c\u2019est le tr\u00e9sor de l\u2019Etat qui\u00a0allait s\u2019acquitter d\u2019honorer ces\u00a0protocoles et nullement des parties \u00e9trang\u00e8res comme ont voulu le faire croire certains.<\/p>\n<p>Tout en se f\u00e9licitant d\u2019avoir pu trouver des solutions en vue d\u2019am\u00e9liorer le pouvoir d\u2019achat des fonctionnaires et des enseignants, Chahed a rappel\u00e9 qu\u2019il ne fallait pas oublier les plus d\u00e9munis, pour lesquels le gouvernement vient de mettre en place le syst\u00e8me de la s\u00e9curit\u00e9 sociale.<\/p>\n<p>A la fin de son intervention, Chahed a tenu \u00e0 rassurer les tunisiens, attirant leur attention sur l\u2019am\u00e9lioration de plusieurs crit\u00e8res financiers. Il les a appel\u00e9 toutefois \u00e0 renforcer ces acquis par le travail. Il faut reprendre le travail, maintenant que la paix sociale a \u00e9t\u00e9 regagn\u00e9e, a-t-il pr\u00e9cis\u00e9, ajoutant que le but, actuellement, est de r\u00e9ussir \u00e0 conduire le pays aux prochaines \u00e9lections dans les meilleures conditions.\u00a0 Il a tenu \u00e0\u00a0remercier les d\u00e9put\u00e9s qui ont permis de d\u00e9passer les d\u00e9saccords concernant l\u2019\u00e9lection des membres de l\u2019ISIE.<\/p>\n<p>La p\u00e9riode \u00e0 venir, a-t-il pr\u00e9cis\u00e9, n\u00e9cessite l\u2019union sacr\u00e9e de tous les tunisiens, le travail et la production.<\/p>\n<div class=\"mvp-org-wrap mvp-org-logo\" itemprop=\"publisher\" itemscope=\"\" itemtype=\"https:\/\/schema.org\/Organization\"><img decoding=\"async\" src=\"https:\/\/www.tunisienumerique.com\/wp-content\/uploads\/2017\/02\/logo_tunisie_numerique.png\"\/><\/div>\n<div class=\"nc_socialPanel swp_flatFresh swp_d_fullColor swp_i_fullColor swp_o_fullColor scale-100 scale-fullWidth\" data-position=\"none\" data-float=\"floatNone\" data-count=\"5\" data-floatcolor=\"#ffffff\" data-emphasize=\"0\">\n<div class=\"nc_tweetContainer totes totesalt\" data-id=\"6\"><span class=\"swp_count\"><span class=\"swp_label\">Partages<\/span> 54<\/span><\/div>\n<\/div>\n<div class=\"mvp-related-posts left relative\">\n<h4 class=\"post-header\"><span class=\"post-header\">Lire aussi<\/span><\/h4>\n<\/div>\n<\/div>\n","protected":false},"excerpt":{"rendered":"<p>Partages 54 L\u2019annonce avait \u00e9t\u00e9 faite quelques heures avant l\u2019intervention du chef du gouvernement. Youssef Chahed s\u2019est adress\u00e9 ce dimanche soir aux tunisiens,\u00a0via\u00a0la premi\u00e8re cha\u00eene de TV nationale. Le chef du gouvernement a commenc\u00e9 son intervention par exprimer sa satisfaction de l\u2019atteinte d\u2019accords dans les n\u00e9gociations sociales, suite \u00e0 des\u00a0pourparlers marathon, \u00e0 cause des contraintes [&hellip;]<\/p>\n","protected":false},"author":1789,"featured_media":12884,"comment_status":"closed","ping_status":"closed","sticky":false,"template":"","format":"standard","meta":{"fifu_image_url":"","fifu_image_alt":"","footnotes":""},"categories":[73,55],"tags":[],"class_list":["post-12883","post","type-post","status-publish","format-standard","has-post-thumbnail","hentry","category-actualite","category-tunisie"],"_links":{"self":[{"href":"https:\/\/linitiative.ca\/International\/wp-json\/wp\/v2\/posts\/12883","targetHints":{"allow":["GET"]}}],"collection":[{"href":"https:\/\/linitiative.ca\/International\/wp-json\/wp\/v2\/posts"}],"about":[{"href":"https:\/\/linitiative.ca\/International\/wp-json\/wp\/v2\/types\/post"}],"author":[{"embeddable":true,"href":"https:\/\/linitiative.ca\/International\/wp-json\/wp\/v2\/users\/1789"}],"replies":[{"embeddable":true,"href":"https:\/\/linitiative.ca\/International\/wp-json\/wp\/v2\/comments?post=12883"}],"version-history":[{"count":0,"href":"https:\/\/linitiative.ca\/International\/wp-json\/wp\/v2\/posts\/12883\/revisions"}],"wp:featuredmedia":[{"embeddable":true,"href":"https:\/\/linitiative.ca\/International\/wp-json\/"}],"wp:attachment":[{"href":"https:\/\/linitiative.ca\/International\/wp-json\/wp\/v2\/media?parent=12883"}],"wp:term":[{"taxonomy":"category","embeddable":true,"href":"https:\/\/linitiative.ca\/International\/wp-json\/wp\/v2\/categories?post=12883"},{"taxonomy":"post_tag","embeddable":true,"href":"https:\/\/linitiative.ca\/International\/wp-json\/wp\/v2\/tags?post=12883"}],"curies":[{"name":"wp","href":"https:\/\/api.w.org\/{rel}","templated":true}]}}