{"id":12889,"date":"2019-02-10T16:25:51","date_gmt":"2019-02-10T21:25:51","guid":{"rendered":"https:\/\/linitiative.ca\/International\/reddition-de-rebelles-au-mali\/"},"modified":"2019-02-10T16:25:51","modified_gmt":"2019-02-10T21:25:51","slug":"reddition-de-rebelles-au-mali","status":"publish","type":"post","link":"https:\/\/linitiative.ca\/International\/reddition-de-rebelles-au-mali\/","title":{"rendered":"REDDITION DE REBELLES AU MALI"},"content":{"rendered":"<p><img decoding=\"async\" class=\"post_layout_5_img\" src=\"http:\/\/lepays.bf\/wp-content\/uploads\/2019\/02\/MALI.jpg\" alt=\"REDDITION DE REBELLES AU MALI\"\/><\/p>\n<p><strong>\u00a0Pourvu que ce ne soit pas seulement une strat\u00e9gie de communication<\/strong><\/p>\n<p>Le moins que l\u2019on puisse dire, c\u2019est que le processus de D\u00e9sarmement-d\u00e9mobilisation-r\u00e9insertion (DDR) fait son petit bonhomme de chemin au Mali et ce, en d\u00e9pit de quelques couacs enregistr\u00e9s. En tout cas, \u00e0 en croire\u00a0 le pr\u00e9sident de la Commission DDR, Zahabi Ould Sidy Mohamed qui, lors d\u2019une sortie m\u00e9diatique, le 9 f\u00e9vrier dernier, a pr\u00e9cis\u00e9 que parmi le millier de militaires qui avaient d\u00e9sert\u00e9 l\u2019Arm\u00e9e malienne, en 2012, pour rejoindre la r\u00e9bellion dans le Nord du pays \u00e0 la faveur de l\u2019invasion djihadiste, <em>\u00ab\u00a0538 ont r\u00e9pondu physiquement pr\u00e9sents \u00bb.<\/em> Est-ce le signe d\u2019une extinction de la r\u00e9bellion qui a tellement fait verser le sang au Mali\u00a0? Difficile d\u2019y r\u00e9pondre par l\u2019affirmative. Seulement, pour l\u2019heure, il y a de quoi redonner espoir au gouvernement malien et \u00e0 la communaut\u00e9 internationale qui font des pieds et des mains depuis pr\u00e8s de quatre ans, pour gu\u00e9rir le cancer de l\u2019ins\u00e9curit\u00e9 qui ronge cette partie septentrionale du pays que des groupes rebelles et terroristes ont mise, pendant longtemps, sous coupe r\u00e9gl\u00e9e. Et comme le pr\u00e9voit le processus de DDR conform\u00e9ment \u00e0 l\u2019accord d\u2019Alger sign\u00e9 en juin 2015, parmi ces ex-rebelles, certains devraient r\u00e9int\u00e9grer les Forces arm\u00e9es maliennes (FAMA) et d\u2019autres devraient b\u00e9n\u00e9ficier du programme de soutien \u00e0 la r\u00e9insertion dans la vie civile.<\/p>\n<p>Si l\u2019on peut se r\u00e9jouir de ce pas de plus sur le long chemin de la paix au pays d\u2019Ibrahim Boubacar K\u00e9ita (IBK), la question qui taraude tout de m\u00eame les esprits, est de savoir si cette reddition annonc\u00e9e de cet impressionnant nombre de plus de 500 rebelles, n\u2019est pas seulement une strat\u00e9gie de communication pour vernir le processus DDR afin de donner l\u2019impression que tout va\u00a0 pour le mieux alors que, jusque-l\u00e0, ledit processus n\u2019arrive toujours pas, par exemple, \u00e0 emballer les ex-combattants de la Coordination des mouvements de l\u2019Azawad (CMA).<\/p>\n<p><strong>Des terroristes pourraient changer de strat\u00e9gie en saisissant la perche tendue aux anciens rebelles<\/strong><\/p>\n<p>Pourvu que ce ne soit pas le cas\u00a0! Cela dit, on est aussi curieux de conna\u00eetre\u00a0 le profil de ces ex-rebelles qui ont d\u00e9cid\u00e9 de rendre les armes. S\u2019il s\u2019agit d\u2019officiers, de sous-officiers ou de militaires du rang, l\u2019identification de leurs groupes arm\u00e9s, peut aider \u00e0 juger du bon d\u00e9roulement ou pas du processus de paix au Mali. Mais comme Saint Thomas, on attend de voir.<\/p>\n<p>C\u2019est pourquoi il faut se frotter les mains de fa\u00e7on pr\u00e9cautionneuse en \u00e9vitant tout triomphalisme. Car, la seule chose qu\u2019ont en partage les protagonistes de la crise malienne, c\u2019est la mauvaise foi. En plus, la situation s\u00e9curitaire au Nord du pays, fait qu\u2019il est difficile de donner \u00e0 ces anciens rebelles le bon Dieu sans confession. Autrement dit, le tout n\u2019est pas pour les premiers responsables du processus DDR, de se laisser \u00e9blouir par le nombre de ceux qui ont d\u00e9cid\u00e9 de r\u00e9pondre \u00e0 leur appel en d\u00e9posant les armes et de dormir sur ses lauriers. Ils doivent redoubler de vigilance pour \u00e9viter que des terroristes se muent en anciens rebelles pour infiltrer l\u2019Arm\u00e9e r\u00e9guli\u00e8re puisqu\u2019il est question de r\u00e9int\u00e9grer certains de ceux qui capitulent. Car, voyant leur voilure se r\u00e9duire par la puissance de feu de l\u2019op\u00e9ration Barkhane et la mont\u00e9e en puissance de la force conjointe du G5 Sahel, des terroristes pourraient changer de strat\u00e9gie en saisissant la perche tendue aux anciens rebelles, pour se retrouver au c\u0153ur du syst\u00e8me afin de mieux le combattre. Si la m\u00e9fiance doit \u00eatre de mise, le pouvoir doit \u00e9viter, toutefois, de se laisser aller \u00e0 une sorte de stigmatisation au risque de faire le jeu de ceux qui narguent toujours le processus de DDR. En tous les cas, si plus de 500 ex-rebelles ont d\u00e9cid\u00e9 de rentrer dans les rangs avec armes et renseignements, il appartient aux autorit\u00e9s maliennes de renforcer avec eux, la traque des terroristes.<\/p>\n<p><strong>Par Drissa TRAORE<\/strong><\/p>\n<p><strong>\u00a0<\/strong><\/p>\n<p><strong>\u00a0<\/strong><\/p>\n<p><strong>\u00a0\u00a0<\/strong><\/p>\n","protected":false},"excerpt":{"rendered":"<p>\u00a0Pourvu que ce ne soit pas seulement une strat\u00e9gie de communication Le moins que l\u2019on puisse dire, c\u2019est que le processus de D\u00e9sarmement-d\u00e9mobilisation-r\u00e9insertion (DDR) fait son petit bonhomme de chemin au Mali et ce, en d\u00e9pit de quelques couacs enregistr\u00e9s. En tout cas, \u00e0 en croire\u00a0 le pr\u00e9sident de la Commission DDR, Zahabi Ould Sidy [&hellip;]<\/p>\n","protected":false},"author":1813,"featured_media":12890,"comment_status":"closed","ping_status":"closed","sticky":false,"template":"","format":"standard","meta":{"fifu_image_url":"","fifu_image_alt":"","footnotes":""},"categories":[73,81],"tags":[],"class_list":["post-12889","post","type-post","status-publish","format-standard","has-post-thumbnail","hentry","category-actualite","category-burkina-faso"],"_links":{"self":[{"href":"https:\/\/linitiative.ca\/International\/wp-json\/wp\/v2\/posts\/12889","targetHints":{"allow":["GET"]}}],"collection":[{"href":"https:\/\/linitiative.ca\/International\/wp-json\/wp\/v2\/posts"}],"about":[{"href":"https:\/\/linitiative.ca\/International\/wp-json\/wp\/v2\/types\/post"}],"author":[{"embeddable":true,"href":"https:\/\/linitiative.ca\/International\/wp-json\/wp\/v2\/users\/1813"}],"replies":[{"embeddable":true,"href":"https:\/\/linitiative.ca\/International\/wp-json\/wp\/v2\/comments?post=12889"}],"version-history":[{"count":0,"href":"https:\/\/linitiative.ca\/International\/wp-json\/wp\/v2\/posts\/12889\/revisions"}],"wp:featuredmedia":[{"embeddable":true,"href":"https:\/\/linitiative.ca\/International\/wp-json\/"}],"wp:attachment":[{"href":"https:\/\/linitiative.ca\/International\/wp-json\/wp\/v2\/media?parent=12889"}],"wp:term":[{"taxonomy":"category","embeddable":true,"href":"https:\/\/linitiative.ca\/International\/wp-json\/wp\/v2\/categories?post=12889"},{"taxonomy":"post_tag","embeddable":true,"href":"https:\/\/linitiative.ca\/International\/wp-json\/wp\/v2\/tags?post=12889"}],"curies":[{"name":"wp","href":"https:\/\/api.w.org\/{rel}","templated":true}]}}