{"id":128945,"date":"2021-10-04T09:00:05","date_gmt":"2021-10-04T13:00:05","guid":{"rendered":"https:\/\/linitiative.ca\/International\/festival-de-fes-de-la-culture-soufie-le-programme-de-la-14eme-edition-devoile\/"},"modified":"2021-10-04T09:00:05","modified_gmt":"2021-10-04T13:00:05","slug":"festival-de-fes-de-la-culture-soufie-le-programme-de-la-14eme-edition-devoile","status":"publish","type":"post","link":"https:\/\/linitiative.ca\/International\/festival-de-fes-de-la-culture-soufie-le-programme-de-la-14eme-edition-devoile\/","title":{"rendered":"Festival de F\u00e8s de la culture soufie : Le programme de la 14\u00e8me \u00e9dition d\u00e9voil\u00e9"},"content":{"rendered":"<div>\n<p><img decoding=\"async\" width=\"300\" height=\"153\" src=\"https:\/\/linitiative.ca\/International\/wp-content\/uploads\/sites\/23\/2021\/10\/francoise-atlan-300x153-1.jpg\" class=\"attachment-medium size-medium wp-post-image\" alt=\"\" loading=\"lazy\" srcset=\"\/\/aujourdhui.ma\/wp-content\/uploads\/2021\/10\/francoise-atlan-300x153.jpg 300w, \/\/aujourdhui.ma\/wp-content\/uploads\/2021\/10\/francoise-atlan-274x140.jpg 274w, \/\/aujourdhui.ma\/wp-content\/uploads\/2021\/10\/francoise-atlan.jpg 746w, \/\/aujourdhui.ma\/wp-content\/uploads\/2021\/10\/francoise-atlan-165x84.jpg 165w, \/\/aujourdhui.ma\/wp-content\/uploads\/2021\/10\/francoise-atlan-702x358.jpg 702w\" sizes=\"auto, (max-width: 300px) 100vw, 300px\"><\/p>\n<p><strong><span style=\"color: #800000;\">Le concert \u00abVoyage dans les Maqamats soufis\u00bb<\/span> ouvre le bal<\/strong><span id=\"more-388207\"><\/span><\/p>\n<p>La 14\u00e8me \u00e9dition du Festival de F\u00e8s de la culture soufie, pr\u00e9vue en format digital du 9 au 16 octobre, annonce son programme complet. Des concerts, des master class, des tables rondes, des expositions artistiques ou des caf\u00e9s litt\u00e9raires seront au rendez-vous. Selon les organisateurs, le festival s\u2019ouvre avec une grande soir\u00e9e d\u2019ouverture intitul\u00e9e \u00abVoyage dans les Maqamats soufis\u00bb. Anim\u00e9 par Fran\u00e7oise Atlan et l\u2019ensemble de Mostapha Amri, ce concert proposera, selon les initiateurs, une immersion dans les modes musicaux et m\u00e9lodies soufis du Maroc et la Perse. Le festival donne \u00e0 voir une visite en live vid\u00e9o \u00e0 l\u2019occasion du 40\u00e8me anniversaire de l\u2019inscription par l\u2019Unesco de la m\u00e9dina de F\u00e8s au patrimoine mondial des p\u00e9r\u00e9grinations. Il propose en effet plusieurs tables rondes organis\u00e9es autour de diff\u00e9rentes th\u00e9matiques.<\/p>\n<p>Parmi les th\u00e8mes choisis, on trouve \u00abComment adapter la litt\u00e9rature spirituelle au public jeunesse ?\u00bb, \u00abLa po\u00e9sie et la litt\u00e9rature, un \u00e9veil \u00e0 la dimension spirituelle \u00bb , \u00abVers la cr\u00e9ation d\u2019une biblioth\u00e8que vivante des oeuvres universelles\u00bb. Le programme offre \u00e9galement deux expositions en ligne. Ainsi la premi\u00e8re est intitul\u00e9e \u00abLa qu\u00eate de l\u2019essen-Ciel (d\u2019apr\u00e8s le Cantique des Oiseaux) de l\u2019artiste calligraphe Rany Rouabah. Berc\u00e9 depuis son enfance dans les zaou\u00efas par les histoires et les rythmes soufis, Rany Rouabah, calligraphe enlumineur, nous propose un voyage calligraphique dans une illustration magistrale, m\u00ealant tradition et modernit\u00e9 de l\u2019oeuvre du XII\u00e8me si\u00e8cle de Fariduddin \u2018Attar\u00bb, explique-t-on. Quant \u00e0 la deuxi\u00e8me, elle est intitul\u00e9e \u00abTu es \u00e0 jamais voyageur (d\u2019apr\u00e8s Ibn Arabi)\u00bb de la plasticienne Najoua El Hitmi.<\/p>\n<p>Le festival offre \u00e9galement la projection du film \u00abLe grand voyage d\u2019Ibn Battuta- De Tanger \u00e0 La Mecque\u00bb. Enfin pour b\u00e9n\u00e9ficier de cette 14\u00e8me \u00e9dition, les organisateurs appellent les int\u00e9ress\u00e9s \u00e0 s\u2019inscrire sur la plateforme digitale Soufi Heritage, d\u00e9di\u00e9e depuis octobre 2020 aux programmes de master class. \u00abPour r\u00e9ussir ce pari destin\u00e9 \u00e0 rehausser nos consciences et intelligences collectives nous avons besoin que chacun s\u2019inscrive au plus t\u00f4t \u00e0 la plateforme qui inclut automatiquement l\u2019inscription au Festival\u00bb, indiquent les organisateurs.<\/p>\n<p>Et de noter qu\u2019il \u00abne s\u2019agit pas seulement d\u2019un acte d\u2019adh\u00e9sion qui signe l\u2019int\u00e9r\u00eat d\u2019accompagner cette aventure de l\u2019esprit, mais aussi et surtout de soutien \u00e0 ce grand projet de nous abreuver aux sources du soufisme et des grandes spiritualit\u00e9s de l\u2019humanit\u00e9 et ce, gr\u00e2ce \u00e0 la transmission de ces oeuvres par des sp\u00e9cialistes internationaux\u00bb.<\/p>\n<\/div>\n<p>Auteur: Siham Jadraoui<br \/>\n<a href=\"https:\/\/aujourdhui.ma\/culture\/festival-de-fes-de-la-culture-soufie-le-programme-de-la-14eme-edition-devoile\">Cliquez ici pour lire l&rsquo;article depuis sa source.<\/a><\/p>\n","protected":false},"excerpt":{"rendered":"<p>Le concert \u00abVoyage dans les Maqamats soufis\u00bb ouvre le bal La 14\u00e8me \u00e9dition du Festival de F\u00e8s de la culture soufie, pr\u00e9vue en format digital du 9 au 16 octobre, annonce son programme complet. Des concerts, des master class, des tables rondes, des expositions artistiques ou des caf\u00e9s litt\u00e9raires seront au rendez-vous. Selon les organisateurs, [&hellip;]<\/p>\n","protected":false},"author":1759,"featured_media":0,"comment_status":"closed","ping_status":"closed","sticky":false,"template":"","format":"standard","meta":{"fifu_image_url":"https:\/\/aujourdhui.ma\/wp-content\/uploads\/2021\/10\/francoise-atlan-300x153.jpg","fifu_image_alt":"Festival de F\u00e8s de la culture soufie : Le programme de la 14\u00e8me \u00e9dition d\u00e9voil\u00e9","footnotes":""},"categories":[73,54],"tags":[],"class_list":["post-128945","post","type-post","status-publish","format-standard","hentry","category-actualite","category-maroc"],"_links":{"self":[{"href":"https:\/\/linitiative.ca\/International\/wp-json\/wp\/v2\/posts\/128945","targetHints":{"allow":["GET"]}}],"collection":[{"href":"https:\/\/linitiative.ca\/International\/wp-json\/wp\/v2\/posts"}],"about":[{"href":"https:\/\/linitiative.ca\/International\/wp-json\/wp\/v2\/types\/post"}],"author":[{"embeddable":true,"href":"https:\/\/linitiative.ca\/International\/wp-json\/wp\/v2\/users\/1759"}],"replies":[{"embeddable":true,"href":"https:\/\/linitiative.ca\/International\/wp-json\/wp\/v2\/comments?post=128945"}],"version-history":[{"count":0,"href":"https:\/\/linitiative.ca\/International\/wp-json\/wp\/v2\/posts\/128945\/revisions"}],"wp:attachment":[{"href":"https:\/\/linitiative.ca\/International\/wp-json\/wp\/v2\/media?parent=128945"}],"wp:term":[{"taxonomy":"category","embeddable":true,"href":"https:\/\/linitiative.ca\/International\/wp-json\/wp\/v2\/categories?post=128945"},{"taxonomy":"post_tag","embeddable":true,"href":"https:\/\/linitiative.ca\/International\/wp-json\/wp\/v2\/tags?post=128945"}],"curies":[{"name":"wp","href":"https:\/\/api.w.org\/{rel}","templated":true}]}}