{"id":12895,"date":"2019-02-10T15:15:07","date_gmt":"2019-02-10T20:15:07","guid":{"rendered":"https:\/\/linitiative.ca\/International\/can-u20-senegal-burkina-faso-5-1-les-etalons-bons-derniers-de-la-classe\/"},"modified":"2019-02-10T15:15:07","modified_gmt":"2019-02-10T20:15:07","slug":"can-u20-senegal-burkina-faso-5-1-les-etalons-bons-derniers-de-la-classe","status":"publish","type":"post","link":"https:\/\/linitiative.ca\/International\/can-u20-senegal-burkina-faso-5-1-les-etalons-bons-derniers-de-la-classe\/","title":{"rendered":"CAN U20\/S\u00e9n\u00e9gal- Burkina Faso (5-1)  : les Etalons, bons derniers de la classe"},"content":{"rendered":"<div class=\"td-post-featured-image\"><a href=\"https:\/\/i2.wp.com\/www.sidwaya.info\/wp-content\/uploads\/2019\/02\/1-5.jpg?fit=1100%2C699&#038;ssl=1\" data-caption=\"\"><img loading=\"lazy\" decoding=\"async\" width=\"696\" height=\"442\" class=\"entry-thumb td-modal-image\" src=\"https:\/\/i2.wp.com\/www.sidwaya.info\/wp-content\/uploads\/2019\/02\/1-5.jpg?resize=696%2C442&#038;ssl=1\" srcset=\"https:\/\/i2.wp.com\/www.sidwaya.info\/wp-content\/uploads\/2019\/02\/1-5.jpg?w=1100&#038;ssl=1 1100w, https:\/\/i2.wp.com\/www.sidwaya.info\/wp-content\/uploads\/2019\/02\/1-5.jpg?resize=300%2C191&#038;ssl=1 300w, https:\/\/i2.wp.com\/www.sidwaya.info\/wp-content\/uploads\/2019\/02\/1-5.jpg?resize=768%2C488&#038;ssl=1 768w, https:\/\/i2.wp.com\/www.sidwaya.info\/wp-content\/uploads\/2019\/02\/1-5.jpg?resize=1024%2C651&#038;ssl=1 1024w, https:\/\/i2.wp.com\/www.sidwaya.info\/wp-content\/uploads\/2019\/02\/1-5.jpg?resize=696%2C442&#038;ssl=1 696w, https:\/\/i2.wp.com\/www.sidwaya.info\/wp-content\/uploads\/2019\/02\/1-5.jpg?resize=1068%2C679&#038;ssl=1 1068w, https:\/\/i2.wp.com\/www.sidwaya.info\/wp-content\/uploads\/2019\/02\/1-5.jpg?resize=661%2C420&#038;ssl=1 661w\" sizes=\"auto, (max-width: 696px) 100vw, 696px\" alt=\"\" title=\"1\"\/><\/a><\/div>\n<p><strong>Les juniors du Burkina Faso ont livr\u00e9 le samedi 9 f\u00e9vrier 2019 au stade r\u00e9gional de Maradi, leur dernier match dans la poule B face au S\u00e9n\u00e9gal, en match comptant pour la 21e coupe d\u2019Afrique des juniors. Vaincus et humili\u00e9s (1-5), le Burkina Faso quitte la comp\u00e9tition avec trois d\u00e9faites en autant de sorties et termine dernier au classement g\u00e9n\u00e9ral.<\/strong><\/p>\n<p>Pour son retour \u00e0 la CAN U20 depuis l\u2019\u00e9dition de 2007, le Burkina Faso n\u2019a pas \u00e9t\u00e9 \u00e0 la hauteur \u00e0 Niger 2019. Les Etalons U20 quittent la comp\u00e9tition sur une note tr\u00e8s am\u00e8re : trois matches, trois d\u00e9faites. Apr\u00e8s l\u2019entr\u00e9e rat\u00e9e (0-2) face aux Blacks satellites du Ghana, les gar\u00e7ons du coach S\u00e9raphin Dargani tombent (0-1) une seconde fois face aux Aiglons du Mali. Elimin\u00e9s, le capitaine Yael Tiendr\u00e9b\u00e9ogo et ses co\u00e9quipiers se devaient de sauver l\u2019honneur lors du dernier match. Mais H\u00e9las, le samedi 9 f\u00e9vrier dernier au stade r\u00e9gional de Maradi, le Burkina Faso a \u00e9t\u00e9 lamin\u00e9 (1-5) par le S\u00e9n\u00e9gal. Pourtant dans son onze de d\u00e9part, le coach des Lionceaux, Youssouph Dabo, a proc\u00e9d\u00e9 \u00e0 sept changements, les Lionceaux \u00e9tant d\u00e9j\u00e0 qualifi\u00e9s pour les demi-finales. Laiss\u00e9 autant de titulaires sur le banc pr\u00e9sageait d\u2019un match assez abordable pour les gar\u00e7ons du coach S\u00e9raphin Dargani. Mais c\u2019est plut\u00f4t autre chose qui a \u00e9t\u00e9 servie au public de Maradi sorti nombreux comme il l\u2019a toujours fait depuis le d\u00e9but de la comp\u00e9tition. Cinq, c\u2019est le total de buts inscrits au cours de cette rencontre par les Lionceaux.<\/p>\n<p>Le Burkina Faso risque de ne pas oublier cette opposition de sit\u00f4t. Dans son onze de d\u00e9part, coach Dargani a titularis\u00e9 Ibrahim Banc\u00e9 au milieu de terrain en compagnie de Salifou Diarrassouba. Pass\u00e9ga Hugo, absent face au Mali pour raison de sant\u00e9, a sign\u00e9 son retour sur le c\u00f4t\u00e9 droit de l\u2019attaque. B\u00e9nodo Ghislain Niki\u00e8ma et Virgile Seydou Marquis sont titulaires. Comme le technicien burkinab\u00e8 l\u2019avait affirm\u00e9 en conf\u00e9rence d\u2019avant-match, il a un groupe homog\u00e8ne. En principe, ses gar\u00e7ons devaient pouvoir tenir la drag\u00e9e haute aux Lionceaux. Mais c\u2019\u00e9tait sans compter sur l\u2019efficacit\u00e9 de l\u2019\u00e9quipe s\u00e9n\u00e9galaise.<\/p>\n<p>Tr\u00e8s vite les Lionceaux imposent leur supr\u00e9matie. En seulement 8e mn de jeu, ils ouvrent le score par l\u2019entremise de Amadou Ndiaye sur une superbe frappe. Sonn\u00e9s, les Burkinab\u00e8 se remobilisent tout de m\u00eame et r\u00e9tablissent (33e mn) la parit\u00e9 par Abdoul Fessal Tapsoba sur une passe de Salifou Diarrassouba. Le Burkina Faso, n\u2019a pas fini de c\u00e9l\u00e9brer son premier but de la comp\u00e9tition, qu\u2019il encaisse le second but, deux minutes plus tard par Samba Diallo sur une superbe contre-attaque. Le score passe \u00e0 trois \u00e0 un pour le S\u00e9n\u00e9gal avec le doubl\u00e9 de Amadou Ndiaye \u00e0 4 mn de la pause. Tr\u00e8s affam\u00e9s, ces Lionceaux appuient sur l\u2019acc\u00e9l\u00e9rateur du retour des vestiaires. Ils inscrivent coup sur coup un 4e but (Youssouph Badji 49emn) et un 5e but (Ouss\u00e9ynou Niang 90emn +2). Quant aux Etalons U20, ils quittent la comp\u00e9tition, la t\u00eate basse sans engranger le moindre point. Maintenant que la comp\u00e9tition est termin\u00e9e pour l\u2019\u00e9quipe burkinab\u00e8, il faut situer les responsabilit\u00e9s de cette d\u00e9b\u00e2cle.<\/p>\n<p>A voir l\u2019effectif, il regorge beaucoup de talents. Lors de leurs trois rencontres \u00e0 cette CAN, l\u2019on s\u2019est rendu compte qu\u2019\u00e0 chaque fois que l\u2019\u00e9quipe burkinab\u00e8 est domin\u00e9e, les gar\u00e7ons semblent perdus sur la pelouse. Or c\u2019est en ce moment que l\u2019encadrement technique doit jouer sa partition. Quant \u00e0 leur qualification pour la prochaine coupe du monde, le Burkina Faso devra encore attendre.<\/p>\n<p class=\"c1\"><strong>Ollo Aim\u00e9 C\u00e9saire HIEN<\/strong><br \/><strong>(Depuis Maradi)<\/strong><\/p>\n<div class=\"td-a-rec td-a-rec-id-content_bottom td_uid_21_5c60a932e99ef_rand td_block_template_1\"><img loading=\"lazy\" decoding=\"async\" class=\"alignright size-full wp-image-1724\" src=\"https:\/\/www.sidwaya.info\/wp-content\/uploads\/2018\/12\/sidwaya-pub.jpg\" alt=\"\" width=\"720\" height=\"90\"\/><\/div>\n","protected":false},"excerpt":{"rendered":"<p>Les juniors du Burkina Faso ont livr\u00e9 le samedi 9 f\u00e9vrier 2019 au stade r\u00e9gional de Maradi, leur dernier match dans la poule B face au S\u00e9n\u00e9gal, en match comptant pour la 21e coupe d\u2019Afrique des juniors. Vaincus et humili\u00e9s (1-5), le Burkina Faso quitte la comp\u00e9tition avec trois d\u00e9faites en autant de sorties et [&hellip;]<\/p>\n","protected":false},"author":1816,"featured_media":0,"comment_status":"closed","ping_status":"closed","sticky":false,"template":"","format":"standard","meta":{"fifu_image_url":"","fifu_image_alt":"","footnotes":""},"categories":[73,81],"tags":[],"class_list":["post-12895","post","type-post","status-publish","format-standard","hentry","category-actualite","category-burkina-faso"],"_links":{"self":[{"href":"https:\/\/linitiative.ca\/International\/wp-json\/wp\/v2\/posts\/12895","targetHints":{"allow":["GET"]}}],"collection":[{"href":"https:\/\/linitiative.ca\/International\/wp-json\/wp\/v2\/posts"}],"about":[{"href":"https:\/\/linitiative.ca\/International\/wp-json\/wp\/v2\/types\/post"}],"author":[{"embeddable":true,"href":"https:\/\/linitiative.ca\/International\/wp-json\/wp\/v2\/users\/1816"}],"replies":[{"embeddable":true,"href":"https:\/\/linitiative.ca\/International\/wp-json\/wp\/v2\/comments?post=12895"}],"version-history":[{"count":0,"href":"https:\/\/linitiative.ca\/International\/wp-json\/wp\/v2\/posts\/12895\/revisions"}],"wp:attachment":[{"href":"https:\/\/linitiative.ca\/International\/wp-json\/wp\/v2\/media?parent=12895"}],"wp:term":[{"taxonomy":"category","embeddable":true,"href":"https:\/\/linitiative.ca\/International\/wp-json\/wp\/v2\/categories?post=12895"},{"taxonomy":"post_tag","embeddable":true,"href":"https:\/\/linitiative.ca\/International\/wp-json\/wp\/v2\/tags?post=12895"}],"curies":[{"name":"wp","href":"https:\/\/api.w.org\/{rel}","templated":true}]}}