{"id":128958,"date":"2021-10-04T12:14:43","date_gmt":"2021-10-04T16:14:43","guid":{"rendered":"https:\/\/linitiative.ca\/International\/oujda-legere-baisse-de-01-de-lipc-en-aout\/"},"modified":"2021-10-04T12:14:43","modified_gmt":"2021-10-04T16:14:43","slug":"oujda-legere-baisse-de-01-de-lipc-en-aout","status":"publish","type":"post","link":"https:\/\/linitiative.ca\/International\/oujda-legere-baisse-de-01-de-lipc-en-aout\/","title":{"rendered":"Oujda : L\u00e9g\u00e8re baisse de 0,1 % de l\u2019IPC en ao\u00fbt"},"content":{"rendered":"<div>\n<div style=\"margin-bottom:20px;\"><img loading=\"lazy\" decoding=\"async\" width=\"750\" height=\"430\" src=\"https:\/\/linitiative.ca\/International\/wp-content\/uploads\/sites\/23\/2021\/10\/La-situation-des-marchC3A8s-au-Ramadan-M750C397430-MAP-1.jpg\" class=\"attachment-post-thumbnail size-post-thumbnail wp-post-image\" alt=\"\" srcset=\"https:\/\/linitiative.ca\/International\/wp-content\/uploads\/sites\/23\/2021\/10\/La-situation-des-marchC3A8s-au-Ramadan-M750C397430-MAP-1.jpg 750w, http:\/\/www.mapoujda.ma\/map\/uploads\/2021\/05\/La-situation-des-march\u00e8s-au-Ramadan-M750\u00d7430-MAP-1-300x172.jpg 300w\" sizes=\"auto, (max-width: 750px) 100vw, 750px\"><\/div>\n<div>\n<p style=\"text-align: justify;\">L\u2019indice des prix \u00e0 la consommation (IPC) de la ville d\u2019Oujda a connu une l\u00e9g\u00e8re baisse de 0,1%, au cours du mois d\u2019ao\u00fbt 2021 par rapport au mois pr\u00e9c\u00e9dent.<\/p>\n<p style=\"text-align: justify;\">Ce r\u00e9sultat est d\u00fb \u00e0 la baisse de l\u2019indice des produits alimentaires de 0,2% et de celle de l\u2019indice des produits non alimentaires de 0,1%, indique une note de la direction r\u00e9gionale de l\u2019Oriental du Haut-commissariat au plan (HCP).<\/p>\n<p style=\"text-align: justify;\">Les baisses des prix des produits alimentaires observ\u00e9es entre juillet et ao\u00fbt 2021 concernent principalement les \u00abPoissons et fruits de mer\u00bb avec 5,4%, les \u00abL\u00e9gumes\u00bb avec 2,3%, les \u00abViandes\u00bb avec 1,3% et le \u00abLait, Fromage et \u0152ufs\u00bb avec 0,7%.<\/p>\n<p style=\"text-align: justify;\">En revanche, les prix ont augment\u00e9 de 5% pour les \u00abFruits\u00bb, de 1,8% pour les \u00abEaux Min\u00e9rales, Boissons Rafraichissantes, Jus de Fruits et de L\u00e9gumes\u00bb, de 1,2% pour le \u00abPain et C\u00e9r\u00e9ales\u00bb, de 0,6% pour les \u00abHuiles et Graisses\u00bb et de 0,5% pour le \u00abCaf\u00e9, Th\u00e9 et Cacao\u00bb.<\/p>\n<p style=\"text-align: justify;\">Pour les produits non alimentaires, les prix ont augment\u00e9 pour les \u00abCarburants et lubrifiants pour v\u00e9hicules de tourisme\u00bb de 0,8%.<\/p>\n<p style=\"text-align: justify;\">Compar\u00e9 au m\u00eame mois de l\u2019ann\u00e9e pr\u00e9c\u00e9dente, l\u2019IPC a enregistr\u00e9 une hausse de 0,4% au cours du mois d\u2019ao\u00fbt 2021, cons\u00e9quence de la baisse de l\u2019indice des produits alimentaires de 1,2% et de la hausse de l\u2019indice des produits non alimentaires de 1,6%.<\/p>\n<p style=\"text-align: justify;\">La baisse des prix des produits alimentaires est due \u00e0 la baisse des prix des \u00abProduits alimentaires et boissons non alcoolis\u00e9es \u00bb de 1,4% et \u00e0 la hausse des prix des \u00abBoissons alcoolis\u00e9es et tabac\u00bb de 2,3%.<\/p>\n<p style=\"text-align: justify;\">Pour les produits non alimentaires, les variations vont d\u2019une baisse de 0,5% pour la \u00abSant\u00e9\u00bb \u00e0 une hausse de 8,4% pour le \u00abTransport\u00bb.<\/p>\n<p style=\"text-align: justify;\">Concernant les huit premiers mois de l\u2019ann\u00e9e 2021, l\u2019IPC a connu une hausse de 0,7% par rapport \u00e0 la m\u00eame p\u00e9riode de l\u2019ann\u00e9e pr\u00e9c\u00e9dente, due \u00e0 une stagnation de l\u2019indice des prix des produits alimentaires et \u00e0 une hausse de l\u2019indice des prix des produits non alimentaires de 1,2%.<\/p>\n<p style=\"text-align: justify;\">L\u2019IPC mesure l\u2019\u00e9volution relative des prix de vente au d\u00e9tail des produits de consommation courante de la population urbaine dans le temps et dans l\u2019espace. Il sert essentiellement \u00e0 mesurer le niveau g\u00e9n\u00e9ral de l\u2019inflation et suivre et analyser la conjoncture \u00e9conomique.<\/p>\n<\/div>\n<p>L\u2019article <a rel=\"nofollow\" href=\"http:\/\/www.mapoujda.ma\/fr\/oujda-legere-baisse-de-01-de-lipc-en-aout\/\">Oujda : L\u00e9g\u00e8re baisse de 0,1 % de l\u2019IPC en ao\u00fbt<\/a> est apparu en premier sur <a rel=\"nofollow\" href=\"http:\/\/www.mapoujda.ma\/fr\">MapOujda<\/a>.<\/p>\n<\/div>\n<p>Auteur: Soufiane ELAHMAR<br \/>\n<a href=\"http:\/\/www.mapoujda.ma\/fr\/oujda-legere-baisse-de-01-de-lipc-en-aout\/\">Cliquez ici pour lire l&rsquo;article depuis sa source.<\/a><\/p>\n","protected":false},"excerpt":{"rendered":"<p>L\u2019indice des prix \u00e0 la consommation (IPC) de la ville d\u2019Oujda a connu une l\u00e9g\u00e8re baisse de 0,1%, au cours du mois d\u2019ao\u00fbt 2021 par rapport au mois pr\u00e9c\u00e9dent. Ce r\u00e9sultat est d\u00fb \u00e0 la baisse de l\u2019indice des produits alimentaires de 0,2% et de celle de l\u2019indice des produits non alimentaires de 0,1%, indique [&hellip;]<\/p>\n","protected":false},"author":1788,"featured_media":0,"comment_status":"closed","ping_status":"closed","sticky":false,"template":"","format":"standard","meta":{"fifu_image_url":"http:\/\/www.mapoujda.ma\/map\/uploads\/2021\/05\/La-situation-des-march\u00e8s-au-Ramadan-M750\u00d7430-MAP-1.jpg","fifu_image_alt":"Oujda : L\u00e9g\u00e8re baisse de 0,1 % de l\u2019IPC en ao\u00fbt","footnotes":""},"categories":[54,76],"tags":[],"class_list":["post-128958","post","type-post","status-publish","format-standard","hentry","category-maroc","category-regions"],"_links":{"self":[{"href":"https:\/\/linitiative.ca\/International\/wp-json\/wp\/v2\/posts\/128958","targetHints":{"allow":["GET"]}}],"collection":[{"href":"https:\/\/linitiative.ca\/International\/wp-json\/wp\/v2\/posts"}],"about":[{"href":"https:\/\/linitiative.ca\/International\/wp-json\/wp\/v2\/types\/post"}],"author":[{"embeddable":true,"href":"https:\/\/linitiative.ca\/International\/wp-json\/wp\/v2\/users\/1788"}],"replies":[{"embeddable":true,"href":"https:\/\/linitiative.ca\/International\/wp-json\/wp\/v2\/comments?post=128958"}],"version-history":[{"count":0,"href":"https:\/\/linitiative.ca\/International\/wp-json\/wp\/v2\/posts\/128958\/revisions"}],"wp:attachment":[{"href":"https:\/\/linitiative.ca\/International\/wp-json\/wp\/v2\/media?parent=128958"}],"wp:term":[{"taxonomy":"category","embeddable":true,"href":"https:\/\/linitiative.ca\/International\/wp-json\/wp\/v2\/categories?post=128958"},{"taxonomy":"post_tag","embeddable":true,"href":"https:\/\/linitiative.ca\/International\/wp-json\/wp\/v2\/tags?post=128958"}],"curies":[{"name":"wp","href":"https:\/\/api.w.org\/{rel}","templated":true}]}}