{"id":12896,"date":"2019-02-10T15:18:47","date_gmt":"2019-02-10T20:18:47","guid":{"rendered":"https:\/\/linitiative.ca\/International\/conseil-des-gouverneurs-du-district-multiple-403-le-1er-congres-des-lions-prevu-en-avril\/"},"modified":"2019-02-10T15:18:47","modified_gmt":"2019-02-10T20:18:47","slug":"conseil-des-gouverneurs-du-district-multiple-403-le-1er-congres-des-lions-prevu-en-avril","status":"publish","type":"post","link":"https:\/\/linitiative.ca\/International\/conseil-des-gouverneurs-du-district-multiple-403-le-1er-congres-des-lions-prevu-en-avril\/","title":{"rendered":"Conseil des gouverneurs du district multiple 403 Le 1er congr\u00e8s des Lions pr\u00e9vu en avril"},"content":{"rendered":"<div class=\"td-post-featured-image\"><a href=\"https:\/\/i1.wp.com\/www.sidwaya.info\/wp-content\/uploads\/2019\/02\/1-6.jpg?fit=787%2C456&#038;ssl=1\" data-caption=\"\"><img loading=\"lazy\" decoding=\"async\" width=\"696\" height=\"403\" class=\"entry-thumb td-modal-image\" src=\"https:\/\/i1.wp.com\/www.sidwaya.info\/wp-content\/uploads\/2019\/02\/1-6.jpg?resize=696%2C403&#038;ssl=1\" srcset=\"https:\/\/i1.wp.com\/www.sidwaya.info\/wp-content\/uploads\/2019\/02\/1-6.jpg?w=787&#038;ssl=1 787w, https:\/\/i1.wp.com\/www.sidwaya.info\/wp-content\/uploads\/2019\/02\/1-6.jpg?resize=300%2C174&#038;ssl=1 300w, https:\/\/i1.wp.com\/www.sidwaya.info\/wp-content\/uploads\/2019\/02\/1-6.jpg?resize=768%2C445&#038;ssl=1 768w, https:\/\/i1.wp.com\/www.sidwaya.info\/wp-content\/uploads\/2019\/02\/1-6.jpg?resize=696%2C403&#038;ssl=1 696w, https:\/\/i1.wp.com\/www.sidwaya.info\/wp-content\/uploads\/2019\/02\/1-6.jpg?resize=725%2C420&#038;ssl=1 725w\" sizes=\"auto, (max-width: 696px) 100vw, 696px\" alt=\"\" title=\"1\"\/><\/a><\/div>\n<p><strong>Le Pr\u00e9sident du Faso, Roch Marc Christian Kabor\u00e9, a re\u00e7u en audience, le vendredi 8 f\u00e9vrier 2019, une d\u00e9l\u00e9gation du Conseil des gouverneurs du district multiple 403, conduite par son pr\u00e9sident, Jean Adiran, \u00e0 Kosyam.<\/strong><\/p>\n<p>Le Burkina Faso va abriter un nouveau district du Lions club cette ann\u00e9e, tout comme le B\u00e9nin. L\u2019information a \u00e9t\u00e9 port\u00e9e \u00e0 la connaissance des hommes de m\u00e9dias, par le pr\u00e9sident du Conseil des gouverneurs du district multiple 403, Jean Adiran. Re\u00e7u en audience par le Pr\u00e9sident du Faso, Roch Marc Christian Kabor\u00e9,le vendredi 8 f\u00e9vrier 2019 \u00e0 Kosyam, Jean Adiran a indiqu\u00e9 que le pays des Hommes int\u00e8gres a \u00e9t\u00e9 le fer de lance de cette association qui regroupe 21 pays de l\u2019Afrique de l\u2019Ouest et du Centre. Ce qui concerne les crit\u00e8res de d\u00e9signation, le pr\u00e9sident du Conseil des gouverneurs du district multiple 403, a rappel\u00e9 qu\u2019il faut avoir au moins, 1250 adh\u00e9rents et 35 clubs pour devenir un district. \u00ab\u00a0L\u2019avantage est que vous avez un gouverneur qui ne se d\u00e9place plus d\u2019un pays \u00e0 un autre pour \u00e9valuer les clubs qui sont sous sa juridiction\u2026<\/p>\n<p>Lorsque nous sommes nombreux, nous avons un syst\u00e8me de rotation qui fait que si un Burkinab\u00e8 est gouverneur une ann\u00e9e, il devrait attendre quatre ou cinq ans pour qu\u2019un gouverneur soit du m\u00eame pays\u00a0\u00bb, a-t-il pr\u00e9cis\u00e9. Le porte-parole a remerci\u00e9 le pr\u00e9sident du Faso pour avoir accept\u00e9 de parrainer le 1er congr\u00e8s des Lions du Burkina Faso, qui aura lieu en avril 2019. En rappel, l\u2019audience a eu lieu \u00e0 la veille des assises du Conseil des gouverneurs.<\/p>\n<p>Session au cours de laquelle, il a \u00e9t\u00e9 question de faire le bilan de l\u2019action du district multiple 403 au premier semestre comme les manifestations de collecte de fonds faits dans les pays-membres et les actions r\u00e9alis\u00e9es au profit des communaut\u00e9s qui sont dans le besoin.<\/p>\n<p>\u2013 Pat\u00e9n\u00e9ma Oumar<br \/>OUEDRAOGO<\/p>\n<div class=\"td-a-rec td-a-rec-id-content_bottom td_uid_21_5c60a9363701b_rand td_block_template_1\"><img loading=\"lazy\" decoding=\"async\" class=\"alignright size-full wp-image-1724\" src=\"https:\/\/www.sidwaya.info\/wp-content\/uploads\/2018\/12\/sidwaya-pub.jpg\" alt=\"\" width=\"720\" height=\"90\"\/><\/div>\n","protected":false},"excerpt":{"rendered":"<p>Le Pr\u00e9sident du Faso, Roch Marc Christian Kabor\u00e9, a re\u00e7u en audience, le vendredi 8 f\u00e9vrier 2019, une d\u00e9l\u00e9gation du Conseil des gouverneurs du district multiple 403, conduite par son pr\u00e9sident, Jean Adiran, \u00e0 Kosyam. Le Burkina Faso va abriter un nouveau district du Lions club cette ann\u00e9e, tout comme le B\u00e9nin. L\u2019information a \u00e9t\u00e9 [&hellip;]<\/p>\n","protected":false},"author":1816,"featured_media":0,"comment_status":"closed","ping_status":"closed","sticky":false,"template":"","format":"standard","meta":{"fifu_image_url":"","fifu_image_alt":"","footnotes":""},"categories":[73,81],"tags":[],"class_list":["post-12896","post","type-post","status-publish","format-standard","hentry","category-actualite","category-burkina-faso"],"_links":{"self":[{"href":"https:\/\/linitiative.ca\/International\/wp-json\/wp\/v2\/posts\/12896","targetHints":{"allow":["GET"]}}],"collection":[{"href":"https:\/\/linitiative.ca\/International\/wp-json\/wp\/v2\/posts"}],"about":[{"href":"https:\/\/linitiative.ca\/International\/wp-json\/wp\/v2\/types\/post"}],"author":[{"embeddable":true,"href":"https:\/\/linitiative.ca\/International\/wp-json\/wp\/v2\/users\/1816"}],"replies":[{"embeddable":true,"href":"https:\/\/linitiative.ca\/International\/wp-json\/wp\/v2\/comments?post=12896"}],"version-history":[{"count":0,"href":"https:\/\/linitiative.ca\/International\/wp-json\/wp\/v2\/posts\/12896\/revisions"}],"wp:attachment":[{"href":"https:\/\/linitiative.ca\/International\/wp-json\/wp\/v2\/media?parent=12896"}],"wp:term":[{"taxonomy":"category","embeddable":true,"href":"https:\/\/linitiative.ca\/International\/wp-json\/wp\/v2\/categories?post=12896"},{"taxonomy":"post_tag","embeddable":true,"href":"https:\/\/linitiative.ca\/International\/wp-json\/wp\/v2\/tags?post=12896"}],"curies":[{"name":"wp","href":"https:\/\/api.w.org\/{rel}","templated":true}]}}