{"id":128960,"date":"2021-10-04T12:33:52","date_gmt":"2021-10-04T16:33:52","guid":{"rendered":"https:\/\/linitiative.ca\/International\/programme-tayssir-2eme-versement-de-primes-a-partir-du-5-octobre\/"},"modified":"2021-10-04T12:33:52","modified_gmt":"2021-10-04T16:33:52","slug":"programme-tayssir-2eme-versement-de-primes-a-partir-du-5-octobre","status":"publish","type":"post","link":"https:\/\/linitiative.ca\/International\/programme-tayssir-2eme-versement-de-primes-a-partir-du-5-octobre\/","title":{"rendered":"Programme Tayssir : 2\u00e8me versement de primes \u00e0 partir du 5 octobre"},"content":{"rendered":"<div>\n<div style=\"margin-bottom:20px;\"><img loading=\"lazy\" decoding=\"async\" width=\"750\" height=\"430\" src=\"https:\/\/linitiative.ca\/International\/wp-content\/uploads\/sites\/23\/2021\/10\/SiC3A8ge-MinistC3A8re-de-lE28099C389ducation-Nationale-750C397430-MAP-1.jpg\" class=\"attachment-post-thumbnail size-post-thumbnail wp-post-image\" alt=\"\" srcset=\"https:\/\/linitiative.ca\/International\/wp-content\/uploads\/sites\/23\/2021\/10\/SiC3A8ge-MinistC3A8re-de-lE28099C389ducation-Nationale-750C397430-MAP-1.jpg 750w, http:\/\/www.mapoujda.ma\/map\/uploads\/2021\/01\/Si\u00e8ge-Minist\u00e8re-de-l\u2019\u00c9ducation-Nationale-750\u00d7430-MAP-300x172.jpg 300w\" sizes=\"auto, (max-width: 750px) 100vw, 750px\"><\/div>\n<div>\n<p style=\"text-align: justify;\">Le deuxi\u00e8me versement de primes au profit des familles b\u00e9n\u00e9ficiaires\u00a0du programme Tayssir, au titre de l\u2019ann\u00e9e scolaire 2020-2021, aura lieu \u00e0 partir du 05 octobre, a annonc\u00e9 le minist\u00e8re de l\u2019Education nationale, de la formation professionnelle, de l\u2019enseignement sup\u00e9rieur et de la recherche scientifique.<\/p>\n<p style=\"text-align: justify;\">Cette deuxi\u00e8me phase s\u2019\u00e9talant jusqu\u2019au 05 novembre, aura lieu au niveau des agences postales, pr\u00e9cise le minist\u00e8re dans un communiqu\u00e9, ajoutant que les familles b\u00e9n\u00e9ficiaires sont appel\u00e9es \u00e0 contacter les \u00e9tablissements scolaires concern\u00e9s, en vue d\u2019obtenir le re\u00e7u sign\u00e9 par le directeur de l\u2019\u00e9tablissement, dans lequel est mentionn\u00e9 la date et l\u2019agence postale de retrait.<\/p>\n<p style=\"text-align: justify;\">Chaque famille b\u00e9n\u00e9ficiaire devra pr\u00e9senter, lors du retrait, \u00e0 la fois le re\u00e7u et la carte d\u2019identit\u00e9 nationale, tout en respectant les mesures sanitaires en vigueur, fait-il savoir.<\/p>\n<p style=\"text-align: justify;\">L\u2019op\u00e9ration d\u2019inscription des b\u00e9n\u00e9ficiaires \u00e9ligibles pour ce programme au titre de l\u2019ann\u00e9e scolaire 2021-2022 a d\u00e9but\u00e9 dans tous les \u00e9tablissements scolaires et se poursuivra jusqu\u2019au 30 octobre, rappelle la m\u00eame source, notant que les familles concern\u00e9es sont appel\u00e9es \u00e0 d\u00e9poser leurs demandes aupr\u00e8s des \u00e9tablissements scolaires.<\/p>\n<\/div>\n<p>L\u2019article <a rel=\"nofollow\" href=\"http:\/\/www.mapoujda.ma\/fr\/programme-tayssir-2eme-versement-de-primes-a-partir-du-5-octobre\/\">Programme Tayssir : 2\u00e8me versement de primes \u00e0 partir du 5 octobre<\/a> est apparu en premier sur <a rel=\"nofollow\" href=\"http:\/\/www.mapoujda.ma\/fr\">MapOujda<\/a>.<\/p>\n<\/div>\n<p>Auteur: Soufiane ELAHMAR<br \/>\n<a href=\"http:\/\/www.mapoujda.ma\/fr\/programme-tayssir-2eme-versement-de-primes-a-partir-du-5-octobre\/\">Cliquez ici pour lire l&rsquo;article depuis sa source.<\/a><\/p>\n","protected":false},"excerpt":{"rendered":"<p>Le deuxi\u00e8me versement de primes au profit des familles b\u00e9n\u00e9ficiaires\u00a0du programme Tayssir, au titre de l\u2019ann\u00e9e scolaire 2020-2021, aura lieu \u00e0 partir du 05 octobre, a annonc\u00e9 le minist\u00e8re de l\u2019Education nationale, de la formation professionnelle, de l\u2019enseignement sup\u00e9rieur et de la recherche scientifique. Cette deuxi\u00e8me phase s\u2019\u00e9talant jusqu\u2019au 05 novembre, aura lieu au niveau [&hellip;]<\/p>\n","protected":false},"author":1788,"featured_media":0,"comment_status":"closed","ping_status":"closed","sticky":false,"template":"","format":"standard","meta":{"fifu_image_url":"http:\/\/www.mapoujda.ma\/map\/uploads\/2021\/01\/Si\u00e8ge-Minist\u00e8re-de-l\u2019\u00c9ducation-Nationale-750\u00d7430-MAP.jpg","fifu_image_alt":"Programme Tayssir : 2\u00e8me versement de primes \u00e0 partir du 5 octobre","footnotes":""},"categories":[54,76],"tags":[],"class_list":["post-128960","post","type-post","status-publish","format-standard","hentry","category-maroc","category-regions"],"_links":{"self":[{"href":"https:\/\/linitiative.ca\/International\/wp-json\/wp\/v2\/posts\/128960","targetHints":{"allow":["GET"]}}],"collection":[{"href":"https:\/\/linitiative.ca\/International\/wp-json\/wp\/v2\/posts"}],"about":[{"href":"https:\/\/linitiative.ca\/International\/wp-json\/wp\/v2\/types\/post"}],"author":[{"embeddable":true,"href":"https:\/\/linitiative.ca\/International\/wp-json\/wp\/v2\/users\/1788"}],"replies":[{"embeddable":true,"href":"https:\/\/linitiative.ca\/International\/wp-json\/wp\/v2\/comments?post=128960"}],"version-history":[{"count":0,"href":"https:\/\/linitiative.ca\/International\/wp-json\/wp\/v2\/posts\/128960\/revisions"}],"wp:attachment":[{"href":"https:\/\/linitiative.ca\/International\/wp-json\/wp\/v2\/media?parent=128960"}],"wp:term":[{"taxonomy":"category","embeddable":true,"href":"https:\/\/linitiative.ca\/International\/wp-json\/wp\/v2\/categories?post=128960"},{"taxonomy":"post_tag","embeddable":true,"href":"https:\/\/linitiative.ca\/International\/wp-json\/wp\/v2\/tags?post=128960"}],"curies":[{"name":"wp","href":"https:\/\/api.w.org\/{rel}","templated":true}]}}