{"id":128969,"date":"2021-10-04T08:07:00","date_gmt":"2021-10-04T12:07:00","guid":{"rendered":"https:\/\/linitiative.ca\/International\/psg-mbappe-a-bien-demande-a-partir-et-il-explique-ce-quil-na-pas-apprecie\/"},"modified":"2021-10-04T08:07:00","modified_gmt":"2021-10-04T12:07:00","slug":"psg-mbappe-a-bien-demande-a-partir-et-il-explique-ce-quil-na-pas-apprecie","status":"publish","type":"post","link":"https:\/\/linitiative.ca\/International\/psg-mbappe-a-bien-demande-a-partir-et-il-explique-ce-quil-na-pas-apprecie\/","title":{"rendered":"PSG : Mbapp\u00e9 a bien demand\u00e9 \u00e0 partir et il explique ce qu&rsquo;il n&rsquo;a pas appr\u00e9ci\u00e9"},"content":{"rendered":"<div>A l&rsquo;occasion d&rsquo;un entretien accord\u00e9 \u00e0 RMC Sport, l\u2019attaquant du Paris Saint-Germain Kylian Mbapp\u00e9 a mis les choses au clair sur sa situation avec le club fran\u00e7ais<img loading=\"lazy\" decoding=\"async\" src=\"http:\/\/feeds.feedburner.com\/~r\/GalerieFArtciles\/~4\/RwtClgZ69ZM\" height=\"1\" width=\"1\" alt=\"\"><\/div>\n<p>Auteur:<br \/>\n<a href=\"http:\/\/www.lebuteur.com\/article\/detail?titre=psg-mbappe-a-bien-demande-a-partir-et-il-explique-ce-quil-na-pas-apprecie&#038;id=101241&#038;utm_source=feedburner&#038;utm_medium=feed&#038;utm_campaign=Feed%3A+GalerieFArtciles+%28Les+derniers+articles++-+lebuteur.com%29\">Cliquez ici pour lire l&rsquo;article depuis sa source.<\/a><\/p>\n","protected":false},"excerpt":{"rendered":"<p>A l&rsquo;occasion d&rsquo;un entretien accord\u00e9 \u00e0 RMC Sport, l\u2019attaquant du Paris Saint-Germain Kylian Mbapp\u00e9 a mis les choses au clair sur sa situation avec le club fran\u00e7ais Auteur: Cliquez ici pour lire l&rsquo;article depuis sa source.<\/p>\n","protected":false},"author":1738,"featured_media":0,"comment_status":"closed","ping_status":"closed","sticky":false,"template":"","format":"standard","meta":{"fifu_image_url":"http:\/\/feeds.feedburner.com\/~r\/GalerieFArtciles\/~4\/RwtClgZ69ZM","fifu_image_alt":"<div>PSG : Mbapp\u00e9 a bien demand\u00e9 \u00e0 partir et il explique ce qu'il n'a pas appr\u00e9ci\u00e9<\/div>","footnotes":""},"categories":[53,75],"tags":[],"class_list":["post-128969","post","type-post","status-publish","format-standard","hentry","category-algerie","category-sport"],"_links":{"self":[{"href":"https:\/\/linitiative.ca\/International\/wp-json\/wp\/v2\/posts\/128969","targetHints":{"allow":["GET"]}}],"collection":[{"href":"https:\/\/linitiative.ca\/International\/wp-json\/wp\/v2\/posts"}],"about":[{"href":"https:\/\/linitiative.ca\/International\/wp-json\/wp\/v2\/types\/post"}],"author":[{"embeddable":true,"href":"https:\/\/linitiative.ca\/International\/wp-json\/wp\/v2\/users\/1738"}],"replies":[{"embeddable":true,"href":"https:\/\/linitiative.ca\/International\/wp-json\/wp\/v2\/comments?post=128969"}],"version-history":[{"count":0,"href":"https:\/\/linitiative.ca\/International\/wp-json\/wp\/v2\/posts\/128969\/revisions"}],"wp:attachment":[{"href":"https:\/\/linitiative.ca\/International\/wp-json\/wp\/v2\/media?parent=128969"}],"wp:term":[{"taxonomy":"category","embeddable":true,"href":"https:\/\/linitiative.ca\/International\/wp-json\/wp\/v2\/categories?post=128969"},{"taxonomy":"post_tag","embeddable":true,"href":"https:\/\/linitiative.ca\/International\/wp-json\/wp\/v2\/tags?post=128969"}],"curies":[{"name":"wp","href":"https:\/\/api.w.org\/{rel}","templated":true}]}}