{"id":12897,"date":"2019-02-10T15:23:35","date_gmt":"2019-02-10T20:23:35","guid":{"rendered":"https:\/\/linitiative.ca\/International\/attaque-de-la-gendarmerie-de-kongoussi-le-soutien-du-gouvernement-aux-victimes\/"},"modified":"2019-02-10T15:23:35","modified_gmt":"2019-02-10T20:23:35","slug":"attaque-de-la-gendarmerie-de-kongoussi-le-soutien-du-gouvernement-aux-victimes","status":"publish","type":"post","link":"https:\/\/linitiative.ca\/International\/attaque-de-la-gendarmerie-de-kongoussi-le-soutien-du-gouvernement-aux-victimes\/","title":{"rendered":"Attaque de la gendarmerie de Kongoussi : le soutien du gouvernement aux victimes"},"content":{"rendered":"<div class=\"td-post-featured-image\"><a href=\"https:\/\/i0.wp.com\/www.sidwaya.info\/wp-content\/uploads\/2019\/02\/2-2.jpg?fit=738%2C415&#038;ssl=1\" data-caption=\"\"><img loading=\"lazy\" decoding=\"async\" width=\"696\" height=\"391\" class=\"entry-thumb td-modal-image\" src=\"https:\/\/i0.wp.com\/www.sidwaya.info\/wp-content\/uploads\/2019\/02\/2-2.jpg?resize=696%2C391&#038;ssl=1\" srcset=\"https:\/\/i0.wp.com\/www.sidwaya.info\/wp-content\/uploads\/2019\/02\/2-2.jpg?w=738&#038;ssl=1 738w, https:\/\/i0.wp.com\/www.sidwaya.info\/wp-content\/uploads\/2019\/02\/2-2.jpg?resize=300%2C169&#038;ssl=1 300w, https:\/\/i0.wp.com\/www.sidwaya.info\/wp-content\/uploads\/2019\/02\/2-2.jpg?resize=696%2C391&#038;ssl=1 696w\" sizes=\"auto, (max-width: 696px) 100vw, 696px\" alt=\"\" title=\"2\"\/><\/a><\/div>\n<p><strong>Le ministre d\u2019Etat, ministre de l\u2019Administration territoriale, de la D\u00e9centralisation et de la Coh\u00e9sion sociale, Sim\u00e9on Sawadogo et le ministre de la S\u00e9curit\u00e9, Ouss\u00e9ni Compaor\u00e9, ont effectu\u00e9, le vendredi 8 f\u00e9vrier 2019, une visite \u00e0 la gendarmerie de Kongoussi qui a \u00e9t\u00e9 victime d\u2019une attaque, deux jours avant.<\/strong><\/p>\n<p><img loading=\"lazy\" decoding=\"async\" class=\" wp-image-4117 alignleft\" src=\"https:\/\/i1.wp.com\/www.sidwaya.info\/wp-content\/uploads\/2019\/02\/1-7.jpg?resize=366%2C220&#038;ssl=1\" alt=\"\" width=\"366\" height=\"220\" srcset=\"https:\/\/i1.wp.com\/www.sidwaya.info\/wp-content\/uploads\/2019\/02\/1-7.jpg?zoom=2&#038;resize=366%2C220&#038;ssl=1 732w, https:\/\/i1.wp.com\/www.sidwaya.info\/wp-content\/uploads\/2019\/02\/1-7.jpg?zoom=3&#038;resize=366%2C220&#038;ssl=1 1098w\" sizes=\"auto, (max-width: 366px) 100vw, 366px\" data-recalc-dims=\"1\"\/>Un b\u00e2timent cribl\u00e9 de balles, des impacts sur les arbres et barriques servant de barri\u00e8re de protection, une gendarmerie calcin\u00e9e, des engins incendi\u00e9s. C\u2019est le d\u00e9solant constat, qu\u2019ont fait le ministre d\u2019Etat, ministre de l\u2019Administration territoriale, de la D\u00e9centralisation et de la Coh\u00e9sion sociale, Sim\u00e9on Sawadogo et son coll\u00e8gue de la S\u00e9curit\u00e9, Ousseni Compaor\u00e9, lors de la visite qu\u2019ils ont effectu\u00e9e, le vendredi 8 f\u00e9vrier 2019 \u00e0 la gendarmerie de Kongoussi, 48 heures apr\u00e8s l\u2019attaque dont elle a \u00e9t\u00e9 victime. Dans la visite guid\u00e9e, le Commandant de brigade (CB) de la gendarmerie de Kongoussi, No\u00e9 Tagnabou, a expliqu\u00e9 que les assaillants sont venus \u00e0 pied de l\u2019arri\u00e8re du b\u00e2timent, en provenance du lac Bam. R\u00e9partis en deux groupes, a-t-il poursuivi, une partie tirait et l\u2019autre saccageait le b\u00e2timent.<\/p>\n<p>\u00ab\u00a0Deux d\u2019entre eux portaient des tenues de l\u2019arm\u00e9e burkinab\u00e8. Nous avons un plan de riposte de la caserne et en organisant la riposte, la police de Kongoussi nous a pr\u00eat\u00e9 main forte \u00bb, a soutenu le CB. A entendre No\u00e9 Tagnabou, un d\u00e9tenu, suspect\u00e9 d\u2019avoir particip\u00e9 \u00e0 l\u2019attaque de la gendarmerie de Bourzanga, \u00e9tait dans les ge\u00f4les. Les assaillants, venus \u00ab\u00a0tr\u00e8s probablement\u00a0\u00bb pour le lib\u00e9rer, ont cass\u00e9 la porte et l\u2019ont fait sortir. \u00ab\u00a0Comme nous l\u2019avons menott\u00e9 bras contre pied, ils ne pouvaient pas l\u2019amener parce qu\u2019ils sont venus \u00e0 pied. Ils l\u2019ont donc laiss\u00e9 sur place et nous avons pu le r\u00e9cup\u00e9rer apr\u00e8s l\u2019attaque\u00a0\u00bb, a pr\u00e9cis\u00e9 M. Tagnabou. De ses explications, il ressort qu\u2019une moto de la brigade a \u00e9t\u00e9 emport\u00e9e, quatre incendi\u00e9es ainsi que plusieurs autres engins saisis. Le b\u00e2timent a \u00e9t\u00e9 mis \u00e0 feu et tous les documents ont subi la furie des flammes.<\/p>\n<p><strong>\u00ab\u00a0Des sans-culottes\u00a0\u00bb<\/strong><\/p>\n<p>Ayant conduit la d\u00e9l\u00e9gation gouvernementale, le ministre d\u2019Etat Sim\u00e9on Sawadogo a f\u00e9licit\u00e9 les \u00ab\u00a0hommes\u00a0\u00bb pour le courage et la d\u00e9termination dans la lutte de longue haleine engag\u00e9e contre les forces du mal. \u00ab\u00a0Le pr\u00e9sident du Faso et le Premier ministre nous envoient vous dire que vous n\u2019\u00eates pas seuls, que vous avez tout leur soutien et que la victoire sera burkinab\u00e8 contre ces forces du mal\u00a0\u00bb, a-t-il lanc\u00e9 aux gendarmes. Pour sa part, le ministre de la S\u00e9curit\u00e9, le colonel \u00e0 la retraite Ouss\u00e9ni Compaor\u00e9, les a rassur\u00e9s que dans les mois \u00e0 venir, la gendarmerie sera remise en l\u2019\u00e9tat. \u00ab\u00a0Ce sont des \u00ab\u00a0sans-culottes\u00a0\u00bb. Ils sont loin de notre hauteur. M\u00eame si c\u2019est sous les arbres, la gendarmerie fonctionnera jusqu\u2019\u00e0 sa r\u00e9novation. Ils se trompent s\u2019ils pensent que l\u2019Etat va abandonner sa population. Si vous \u00eates en harmonie avec la population, nous vaincrons\u00a0\u00bb, a-t-il fait savoir.<\/p>\n<p>Et d\u2019ajouter que dans sa strat\u00e9gie de lutte contre l\u2019ins\u00e9curit\u00e9, le gouvernement a d\u00e9cid\u00e9 de l\u2019\u00e9laboration d\u2019un plan de bataille pour chaque brigade, commissariat et camp, en plus de la construction de la cl\u00f4ture de ceux qui n\u2019en disposent pas encore. Pour permettre \u00e0 la gendarmerie de fonctionner, la d\u00e9l\u00e9gation a remis un ordinateur, une imprimante, des rames de papiers, des registres et bien d\u2019autres mat\u00e9riels de bureau. A la police de Kongoussi, le message gouvernemental a \u00e9t\u00e9 le m\u00eame. La d\u00e9l\u00e9gation a surtout f\u00e9licit\u00e9 les policiers pour avoir \u00ab\u00a0promptement\u00a0\u00bb \u00e9paul\u00e9 la gendarmerie dans sa riposte.<\/p>\n<p>\u00ab\u00a0C\u2019est cette solidarit\u00e9 et cette symbiose que le gouvernement salue et encourage. Nous avons demand\u00e9 \u00e0 la population de vous aider \u00e0 les prot\u00e9ger\u00a0\u00bb, a indiqu\u00e9 Ouss\u00e9ni Compaor\u00e9, promettant de revenir s\u2019entretenir avec la police et la gendarmerie. Les messagers du gouvernement se sont par la suite rendus dans la famille de la femme enceinte et son accompagnant qui ont \u00e9t\u00e9 victimes de l\u2019attaque de la gendarmerie. A la famille \u00e9plor\u00e9e, l\u2019ex\u00e9cutif a non seulement exprim\u00e9 sa compassion, mais aussi et surtout sa d\u00e9termination \u00e0 venir \u00e0 bout de l\u2019hydre terroriste. Il a donc demand\u00e9 aux populations de collaborer avec les Forces de d\u00e9fense et de s\u00e9curit\u00e9.<\/p>\n<p class=\"c1\"><strong>Jean-Marie TOE<\/strong><\/p>\n<div class=\"td-a-rec td-a-rec-id-content_bottom td_uid_21_5c60a9391556a_rand td_block_template_1\"><img loading=\"lazy\" decoding=\"async\" class=\"alignright size-full wp-image-1724\" src=\"https:\/\/www.sidwaya.info\/wp-content\/uploads\/2018\/12\/sidwaya-pub.jpg\" alt=\"\" width=\"720\" height=\"90\"\/><\/div>\n","protected":false},"excerpt":{"rendered":"<p>Le ministre d\u2019Etat, ministre de l\u2019Administration territoriale, de la D\u00e9centralisation et de la Coh\u00e9sion sociale, Sim\u00e9on Sawadogo et le ministre de la S\u00e9curit\u00e9, Ouss\u00e9ni Compaor\u00e9, ont effectu\u00e9, le vendredi 8 f\u00e9vrier 2019, une visite \u00e0 la gendarmerie de Kongoussi qui a \u00e9t\u00e9 victime d\u2019une attaque, deux jours avant. Un b\u00e2timent cribl\u00e9 de balles, des impacts [&hellip;]<\/p>\n","protected":false},"author":1816,"featured_media":0,"comment_status":"closed","ping_status":"closed","sticky":false,"template":"","format":"standard","meta":{"fifu_image_url":"","fifu_image_alt":"","footnotes":""},"categories":[73,81],"tags":[],"class_list":["post-12897","post","type-post","status-publish","format-standard","hentry","category-actualite","category-burkina-faso"],"_links":{"self":[{"href":"https:\/\/linitiative.ca\/International\/wp-json\/wp\/v2\/posts\/12897","targetHints":{"allow":["GET"]}}],"collection":[{"href":"https:\/\/linitiative.ca\/International\/wp-json\/wp\/v2\/posts"}],"about":[{"href":"https:\/\/linitiative.ca\/International\/wp-json\/wp\/v2\/types\/post"}],"author":[{"embeddable":true,"href":"https:\/\/linitiative.ca\/International\/wp-json\/wp\/v2\/users\/1816"}],"replies":[{"embeddable":true,"href":"https:\/\/linitiative.ca\/International\/wp-json\/wp\/v2\/comments?post=12897"}],"version-history":[{"count":0,"href":"https:\/\/linitiative.ca\/International\/wp-json\/wp\/v2\/posts\/12897\/revisions"}],"wp:attachment":[{"href":"https:\/\/linitiative.ca\/International\/wp-json\/wp\/v2\/media?parent=12897"}],"wp:term":[{"taxonomy":"category","embeddable":true,"href":"https:\/\/linitiative.ca\/International\/wp-json\/wp\/v2\/categories?post=12897"},{"taxonomy":"post_tag","embeddable":true,"href":"https:\/\/linitiative.ca\/International\/wp-json\/wp\/v2\/tags?post=12897"}],"curies":[{"name":"wp","href":"https:\/\/api.w.org\/{rel}","templated":true}]}}