{"id":128988,"date":"2021-10-04T06:00:00","date_gmt":"2021-10-04T10:00:00","guid":{"rendered":"https:\/\/linitiative.ca\/International\/retard-injustifie\/"},"modified":"2021-10-04T06:00:00","modified_gmt":"2021-10-04T10:00:00","slug":"retard-injustifie","status":"publish","type":"post","link":"https:\/\/linitiative.ca\/International\/retard-injustifie\/","title":{"rendered":"Retard injustifi\u00e9"},"content":{"rendered":"<div>Les b\u00e9n\u00e9ficiaires des 536 logements LSP de A\u00efn-Benian, \u00e0 l\u2019ouest d\u2019Alger, sont d\u00e9sempar\u00e9s. Ils attendent depuis plus de 4 ans la d\u00e9livrance de l&rsquo;acte de propri\u00e9t\u00e9 de l&rsquo;appartement. Tous les frais pour<\/div>\n<p>Auteur:<br \/>\n<a href=\"https:\/\/www.lesoirdalgerie.com\/periscoop\/retard-injustifie-68413\">Cliquez ici pour lire l&rsquo;article depuis sa source.<\/a><\/p>\n","protected":false},"excerpt":{"rendered":"<p>Les b\u00e9n\u00e9ficiaires des 536 logements LSP de A\u00efn-Benian, \u00e0 l\u2019ouest d\u2019Alger, sont d\u00e9sempar\u00e9s. Ils attendent depuis plus de 4 ans la d\u00e9livrance de l&rsquo;acte de propri\u00e9t\u00e9 de l&rsquo;appartement. Tous les frais pour Auteur: Cliquez ici pour lire l&rsquo;article depuis sa source.<\/p>\n","protected":false},"author":1741,"featured_media":0,"comment_status":"closed","ping_status":"closed","sticky":false,"template":"","format":"standard","meta":{"fifu_image_url":"","fifu_image_alt":"","footnotes":""},"categories":[73,53],"tags":[],"class_list":["post-128988","post","type-post","status-publish","format-standard","hentry","category-actualite","category-algerie"],"_links":{"self":[{"href":"https:\/\/linitiative.ca\/International\/wp-json\/wp\/v2\/posts\/128988","targetHints":{"allow":["GET"]}}],"collection":[{"href":"https:\/\/linitiative.ca\/International\/wp-json\/wp\/v2\/posts"}],"about":[{"href":"https:\/\/linitiative.ca\/International\/wp-json\/wp\/v2\/types\/post"}],"author":[{"embeddable":true,"href":"https:\/\/linitiative.ca\/International\/wp-json\/wp\/v2\/users\/1741"}],"replies":[{"embeddable":true,"href":"https:\/\/linitiative.ca\/International\/wp-json\/wp\/v2\/comments?post=128988"}],"version-history":[{"count":0,"href":"https:\/\/linitiative.ca\/International\/wp-json\/wp\/v2\/posts\/128988\/revisions"}],"wp:attachment":[{"href":"https:\/\/linitiative.ca\/International\/wp-json\/wp\/v2\/media?parent=128988"}],"wp:term":[{"taxonomy":"category","embeddable":true,"href":"https:\/\/linitiative.ca\/International\/wp-json\/wp\/v2\/categories?post=128988"},{"taxonomy":"post_tag","embeddable":true,"href":"https:\/\/linitiative.ca\/International\/wp-json\/wp\/v2\/tags?post=128988"}],"curies":[{"name":"wp","href":"https:\/\/api.w.org\/{rel}","templated":true}]}}