{"id":12899,"date":"2019-02-10T15:31:21","date_gmt":"2019-02-10T20:31:21","guid":{"rendered":"https:\/\/linitiative.ca\/International\/ecole-nationale-des-eaux-et-forets-de-dinderesso-la-promotion-combativite-prete-a-servir\/"},"modified":"2019-02-10T15:31:21","modified_gmt":"2019-02-10T20:31:21","slug":"ecole-nationale-des-eaux-et-forets-de-dinderesso-la-promotion-combativite-prete-a-servir","status":"publish","type":"post","link":"https:\/\/linitiative.ca\/International\/ecole-nationale-des-eaux-et-forets-de-dinderesso-la-promotion-combativite-prete-a-servir\/","title":{"rendered":"Ecole nationale des Eaux et for\u00eats de Dind\u00e9resso La promotion \u00abCombativit\u00e9\u00bb pr\u00eate \u00e0 servir"},"content":{"rendered":"<div class=\"td-post-featured-image\"><a href=\"https:\/\/i1.wp.com\/www.sidwaya.info\/wp-content\/uploads\/2019\/02\/1-9.jpg?fit=662%2C377&#038;ssl=1\" data-caption=\"\"><img loading=\"lazy\" decoding=\"async\" width=\"662\" height=\"377\" class=\"entry-thumb td-modal-image\" src=\"https:\/\/i1.wp.com\/www.sidwaya.info\/wp-content\/uploads\/2019\/02\/1-9.jpg?resize=662%2C377&#038;ssl=1\" srcset=\"https:\/\/i1.wp.com\/www.sidwaya.info\/wp-content\/uploads\/2019\/02\/1-9.jpg?w=662&#038;ssl=1 662w, https:\/\/i1.wp.com\/www.sidwaya.info\/wp-content\/uploads\/2019\/02\/1-9.jpg?resize=300%2C171&#038;ssl=1 300w\" sizes=\"auto, (max-width: 662px) 100vw, 662px\" alt=\"\" title=\"1\"\/><\/a><\/div>\n<p><strong>L\u2019Ecole nationale des Eaux et for\u00eats (ENEF) de Dind\u00e9resso, localit\u00e9 situ\u00e9e \u00e0 une dizaine de kilom\u00e8tres de Bobo-Dioulasso, a abrit\u00e9, le vendredi 8 f\u00e9vrier 2019, la c\u00e9r\u00e9monie de sortie de sa 21e promotion des \u00e9l\u00e8ves-inspecteurs des Eaux et for\u00eats et de sa 2e promotion des \u00e9l\u00e8ves-inspecteurs de l\u2019environnement. La cuv\u00e9e baptis\u00e9e \u00abCombativit\u00e9\u00bb, est compos\u00e9e de 53 agents \u00e0 savoir 40 inspecteurs des Eaux et for\u00eats et 13 inspecteurs de l\u2019environnement<\/strong><\/p>\n<p>Apr\u00e8s trois ann\u00e9es de formation \u00e0 l\u2019Ecole nationale des eaux et for\u00eats (ENEF) de Dind\u00e9resso, la 21e promotion des \u00e9l\u00e8ves- inspecteurs des eaux et for\u00eats et de la 2e promotion des \u00e9l\u00e8ves-inspecteurs de l\u2019environnement est pr\u00eate servir. Baptis\u00e9e \u00ab\u00a0Combativit\u00e9\u00a0\u00bb, cette cuv\u00e9e est compos\u00e9e de 53 agents \u00e0 savoir 40 inspecteurs des Eaux et for\u00eats et 13 inspecteurs de l\u2019environnement issue de trois nationalit\u00e9s\u00a0: burkinab\u00e8, nig\u00e9rienne et togolaise. Pr\u00e9sid\u00e9e par le ministre de l\u2019Environnement, de l\u2019Economie verte et du Changement climatique, Nestor Batio Bassi\u00e8re, la c\u00e9r\u00e9monie de sortie s\u2019est d\u00e9roul\u00e9e, le vendredi 8 f\u00e9vrier 2019 au sein de l\u2019ENEF.<\/p>\n<p>Selon le chef du d\u00e9partement, cette promotion marque la fin du cycle de formation de trois (3) ans, conform\u00e9ment aux nouvelles dispositions de la Fonction publique burkinab\u00e8. A l\u2019en croire, les inspecteurs des Eaux et for\u00eats et \u00e9l\u00e8ves de l\u2019environnement burkinab\u00e8 viendront renforcer la capacit\u00e9 op\u00e9rationnelle du minist\u00e8re en charge de l\u2019environnement, face \u00e0 l\u2019ins\u00e9curit\u00e9 grandissante au Burkina Faso. Et de poursuivre qu\u2019ils appuieront le ministre en charge de l\u2019environnement \u00e0 mettre en \u0153uvre des strat\u00e9gies afin de pouvoir lutter efficacement contre les fl\u00e9aux minant l\u2019ensemble des for\u00eats, l\u2019ensemble des ressources foresti\u00e8res fauniques du pays.<\/p>\n<p><strong>Un taux de suc\u00e8s de 100%<\/strong><\/p>\n<p>A travers le nom de bapt\u00eame \u00ab\u00a0Combativit\u00e9\u00a0\u00bb, a-t-il indiqu\u00e9, c\u2019est un travail de terrain qui attend et non un travail de bureau. Pour le directeur g\u00e9n\u00e9ral de l\u2019ENEF, Lamien Pagat\u00e9, le taux de succ\u00e8s de 100% d\u00e9note de l\u2019excellence du travail abattu par l\u2019ensemble des membres de l\u2019encadrement et des apprenants \u00e0 travers leur application et leur engagement. C\u2019est pourquoi, il a exhort\u00e9 les nouveaux inspecteurs \u00e0 plus d\u2019abn\u00e9gation au travail et la recherche de l\u2019excellence \u00e0 travers les formations continues et sp\u00e9cialisantes. Toute chose, de son avis, qui leur rendra plus performant sur le terrain.<\/p>\n<p>Les nouveaux inspecteurs ont promis de \u00ab\u00a0mouiller le maillot\u00a0\u00bb sur le terrain. Par la voix du d\u00e9l\u00e9gu\u00e9 de la promotion, Jean Bosco Zongo, ils disent mesurer l\u2019ampleur et les d\u00e9fis qui les attendent dans un contexte marqu\u00e9, entre autres, par une ins\u00e9curit\u00e9 grandissante, l\u2019envahissement des for\u00eats class\u00e9es, l\u2019insalubrit\u00e9 des villes et le braconnage.<br \/>La c\u00e9r\u00e9monie de cette sortie de promotion a \u00e9t\u00e9 pr\u00e9c\u00e9d\u00e9e par la passation des charges entre le directeur g\u00e9n\u00e9ral sortant, Pamoussa Ou\u00e9draogo et le directeur g\u00e9n\u00e9ral entrant de l\u2019Ecole nationale des Eaux et for\u00eats, Lamien Pingat\u00e9.<\/p>\n<p class=\"c1\"><strong>Boudayinga J-M THIENON<\/strong><\/p>\n<div class=\"td-a-rec td-a-rec-id-content_bottom td_uid_21_5c60a93eb676d_rand td_block_template_1\"><img loading=\"lazy\" decoding=\"async\" class=\"alignright size-full wp-image-1724\" src=\"https:\/\/www.sidwaya.info\/wp-content\/uploads\/2018\/12\/sidwaya-pub.jpg\" alt=\"\" width=\"720\" height=\"90\"\/><\/div>\n","protected":false},"excerpt":{"rendered":"<p>L\u2019Ecole nationale des Eaux et for\u00eats (ENEF) de Dind\u00e9resso, localit\u00e9 situ\u00e9e \u00e0 une dizaine de kilom\u00e8tres de Bobo-Dioulasso, a abrit\u00e9, le vendredi 8 f\u00e9vrier 2019, la c\u00e9r\u00e9monie de sortie de sa 21e promotion des \u00e9l\u00e8ves-inspecteurs des Eaux et for\u00eats et de sa 2e promotion des \u00e9l\u00e8ves-inspecteurs de l\u2019environnement. La cuv\u00e9e baptis\u00e9e \u00abCombativit\u00e9\u00bb, est compos\u00e9e de [&hellip;]<\/p>\n","protected":false},"author":1816,"featured_media":0,"comment_status":"closed","ping_status":"closed","sticky":false,"template":"","format":"standard","meta":{"fifu_image_url":"","fifu_image_alt":"","footnotes":""},"categories":[73,81],"tags":[],"class_list":["post-12899","post","type-post","status-publish","format-standard","hentry","category-actualite","category-burkina-faso"],"_links":{"self":[{"href":"https:\/\/linitiative.ca\/International\/wp-json\/wp\/v2\/posts\/12899","targetHints":{"allow":["GET"]}}],"collection":[{"href":"https:\/\/linitiative.ca\/International\/wp-json\/wp\/v2\/posts"}],"about":[{"href":"https:\/\/linitiative.ca\/International\/wp-json\/wp\/v2\/types\/post"}],"author":[{"embeddable":true,"href":"https:\/\/linitiative.ca\/International\/wp-json\/wp\/v2\/users\/1816"}],"replies":[{"embeddable":true,"href":"https:\/\/linitiative.ca\/International\/wp-json\/wp\/v2\/comments?post=12899"}],"version-history":[{"count":0,"href":"https:\/\/linitiative.ca\/International\/wp-json\/wp\/v2\/posts\/12899\/revisions"}],"wp:attachment":[{"href":"https:\/\/linitiative.ca\/International\/wp-json\/wp\/v2\/media?parent=12899"}],"wp:term":[{"taxonomy":"category","embeddable":true,"href":"https:\/\/linitiative.ca\/International\/wp-json\/wp\/v2\/categories?post=12899"},{"taxonomy":"post_tag","embeddable":true,"href":"https:\/\/linitiative.ca\/International\/wp-json\/wp\/v2\/tags?post=12899"}],"curies":[{"name":"wp","href":"https:\/\/api.w.org\/{rel}","templated":true}]}}