{"id":128991,"date":"2021-10-04T10:37:07","date_gmt":"2021-10-04T14:37:07","guid":{"rendered":"https:\/\/linitiative.ca\/International\/nouveau-gouvernement-la-coherence-et-la-territorialisation-des-politiques-publiques-premier-defi-strategique\/"},"modified":"2021-10-04T10:37:07","modified_gmt":"2021-10-04T14:37:07","slug":"nouveau-gouvernement-la-coherence-et-la-territorialisation-des-politiques-publiques-premier-defi-strategique","status":"publish","type":"post","link":"https:\/\/linitiative.ca\/International\/nouveau-gouvernement-la-coherence-et-la-territorialisation-des-politiques-publiques-premier-defi-strategique\/","title":{"rendered":"Nouveau gouvernement. La coh\u00e9rence et la territorialisation des politiques publiques, premier d\u00e9fi strat\u00e9gique"},"content":{"rendered":"<div><img decoding=\"async\" width=\"822\" height=\"612\" src=\"https:\/\/linitiative.ca\/International\/wp-content\/uploads\/sites\/23\/2021\/10\/693e7cdf-10ad-4aab-ae4c-179d2b8843f9-2.jpg\" class=\"attachment-post-thumbnail size-post-thumbnail wp-post-image\" alt=\"\" loading=\"lazy\" srcset=\"https:\/\/linitiative.ca\/International\/wp-content\/uploads\/sites\/23\/2021\/10\/693e7cdf-10ad-4aab-ae4c-179d2b8843f9-2.jpg 822w, https:\/\/www.challenge.ma\/wp-content\/uploads\/2021\/09\/693e7cdf-10ad-4aab-ae4c-179d2b8843f9-2-300x223.jpg 300w, https:\/\/www.challenge.ma\/wp-content\/uploads\/2021\/09\/693e7cdf-10ad-4aab-ae4c-179d2b8843f9-2-768x572.jpg 768w, https:\/\/www.challenge.ma\/wp-content\/uploads\/2021\/09\/693e7cdf-10ad-4aab-ae4c-179d2b8843f9-2-360x268.jpg 360w, https:\/\/www.challenge.ma\/wp-content\/uploads\/2021\/09\/693e7cdf-10ad-4aab-ae4c-179d2b8843f9-2-750x558.jpg 750w\" sizes=\"auto, (max-width: 822px) 100vw, 822px\" itemprop=\"image\">L\u2019une des principales faiblesses soulign\u00e9es dans la phase de diagnostic du Nouveau mod\u00e8le de d\u00e9veloppement (NMD), a trait \u00e0 l\u2019insuffisance, voire \u00e0 l\u2019absence de coordination entre les politiques publiques sectorielles. Vaincre cette faiblesse, c\u2019est entamer un changement radical dans l\u2019\u00e9laboration et la mise en \u0153uvre des politiques publiques aussi bien<\/div>\n<p>Auteur: Amine Messaoudi<br \/>\n<a href=\"https:\/\/www.challenge.ma\/nouveau-gouvernement-la-coherence-et-la-territorialisation-des-politiques-publiques-premier-defi-strategique-222405\/\">Cliquez ici pour lire l&rsquo;article depuis sa source.<\/a><\/p>\n","protected":false},"excerpt":{"rendered":"<p>L\u2019une des principales faiblesses soulign\u00e9es dans la phase de diagnostic du Nouveau mod\u00e8le de d\u00e9veloppement (NMD), a trait \u00e0 l\u2019insuffisance, voire \u00e0 l\u2019absence de coordination entre les politiques publiques sectorielles. Vaincre cette faiblesse, c\u2019est entamer un changement radical dans l\u2019\u00e9laboration et la mise en \u0153uvre des politiques publiques aussi bien Auteur: Amine Messaoudi Cliquez ici [&hellip;]<\/p>\n","protected":false},"author":1787,"featured_media":0,"comment_status":"closed","ping_status":"closed","sticky":false,"template":"","format":"standard","meta":{"fifu_image_url":"https:\/\/www.challenge.ma\/wp-content\/uploads\/2021\/09\/693e7cdf-10ad-4aab-ae4c-179d2b8843f9-2.jpg","fifu_image_alt":"Nouveau gouvernement. La coh\u00e9rence et la territorialisation des politiques publiques, premier d\u00e9fi strat\u00e9gique","footnotes":""},"categories":[78,54],"tags":[],"class_list":["post-128991","post","type-post","status-publish","format-standard","hentry","category-economie","category-maroc"],"_links":{"self":[{"href":"https:\/\/linitiative.ca\/International\/wp-json\/wp\/v2\/posts\/128991","targetHints":{"allow":["GET"]}}],"collection":[{"href":"https:\/\/linitiative.ca\/International\/wp-json\/wp\/v2\/posts"}],"about":[{"href":"https:\/\/linitiative.ca\/International\/wp-json\/wp\/v2\/types\/post"}],"author":[{"embeddable":true,"href":"https:\/\/linitiative.ca\/International\/wp-json\/wp\/v2\/users\/1787"}],"replies":[{"embeddable":true,"href":"https:\/\/linitiative.ca\/International\/wp-json\/wp\/v2\/comments?post=128991"}],"version-history":[{"count":0,"href":"https:\/\/linitiative.ca\/International\/wp-json\/wp\/v2\/posts\/128991\/revisions"}],"wp:attachment":[{"href":"https:\/\/linitiative.ca\/International\/wp-json\/wp\/v2\/media?parent=128991"}],"wp:term":[{"taxonomy":"category","embeddable":true,"href":"https:\/\/linitiative.ca\/International\/wp-json\/wp\/v2\/categories?post=128991"},{"taxonomy":"post_tag","embeddable":true,"href":"https:\/\/linitiative.ca\/International\/wp-json\/wp\/v2\/tags?post=128991"}],"curies":[{"name":"wp","href":"https:\/\/api.w.org\/{rel}","templated":true}]}}