{"id":128993,"date":"2021-10-04T11:02:24","date_gmt":"2021-10-04T15:02:24","guid":{"rendered":"https:\/\/linitiative.ca\/International\/larret-du-tribunal-europeen-les-accords-maroc-ue-quand-la-politique-lemporte-sur-la-justice-et-le-droit-international-par-lahcen-haddad\/"},"modified":"2021-10-04T11:02:24","modified_gmt":"2021-10-04T15:02:24","slug":"larret-du-tribunal-europeen-les-accords-maroc-ue-quand-la-politique-lemporte-sur-la-justice-et-le-droit-international-par-lahcen-haddad","status":"publish","type":"post","link":"https:\/\/linitiative.ca\/International\/larret-du-tribunal-europeen-les-accords-maroc-ue-quand-la-politique-lemporte-sur-la-justice-et-le-droit-international-par-lahcen-haddad\/","title":{"rendered":"L\u2019arr\u00eat du tribunal europ\u00e9en les Accords Maroc\/UE. Quand la politique l\u2019emporte sur la justice et le droit international [Par Lahcen Haddad]"},"content":{"rendered":"<div><img decoding=\"async\" width=\"750\" height=\"375\" src=\"https:\/\/linitiative.ca\/International\/wp-content\/uploads\/sites\/23\/2021\/10\/HADDAD-PHOTO.jpeg\" class=\"attachment-post-thumbnail size-post-thumbnail wp-post-image\" alt=\"\" loading=\"lazy\" srcset=\"https:\/\/linitiative.ca\/International\/wp-content\/uploads\/sites\/23\/2021\/10\/HADDAD-PHOTO.jpeg 750w, https:\/\/www.challenge.ma\/wp-content\/uploads\/2021\/10\/HADDAD-PHOTO-300x150.jpeg 300w, https:\/\/www.challenge.ma\/wp-content\/uploads\/2021\/10\/HADDAD-PHOTO-360x180.jpeg 360w\" sizes=\"auto, (max-width: 750px) 100vw, 750px\" itemprop=\"image\">La d\u00e9cision n\u2019est pas seulement motiv\u00e9e politiquement, mais est bas\u00e9e sur des hypoth\u00e8ses historiquement et sociologiquement injustifi\u00e9es.\u00a0 L\u2019Arr\u00eat de la Cour de Justice de l\u2019Union europ\u00e9enne publi\u00e9 le 28 septembre 2021, par lequel elle annule les d\u00e9cisions du Conseil relatives, d\u2019une part, \u00e0 l\u2019accord entre l\u2019Union europ\u00e9enne et le Maroc<\/div>\n<p>Auteur: challenge<br \/>\n<a href=\"https:\/\/www.challenge.ma\/larret-du-tribunal-europeen-les-accords-maroc-ue-quand-la-politique-lemporte-sur-la-justice-et-le-droit-international-par-lahcen-haddad-222412\/\">Cliquez ici pour lire l&rsquo;article depuis sa source.<\/a><\/p>\n","protected":false},"excerpt":{"rendered":"<p>La d\u00e9cision n\u2019est pas seulement motiv\u00e9e politiquement, mais est bas\u00e9e sur des hypoth\u00e8ses historiquement et sociologiquement injustifi\u00e9es.\u00a0 L\u2019Arr\u00eat de la Cour de Justice de l\u2019Union europ\u00e9enne publi\u00e9 le 28 septembre 2021, par lequel elle annule les d\u00e9cisions du Conseil relatives, d\u2019une part, \u00e0 l\u2019accord entre l\u2019Union europ\u00e9enne et le Maroc Auteur: challenge Cliquez ici pour [&hellip;]<\/p>\n","protected":false},"author":1787,"featured_media":0,"comment_status":"closed","ping_status":"closed","sticky":false,"template":"","format":"standard","meta":{"fifu_image_url":"https:\/\/www.challenge.ma\/wp-content\/uploads\/2021\/10\/HADDAD-PHOTO.jpeg","fifu_image_alt":"L\u2019arr\u00eat du tribunal europ\u00e9en les Accords Maroc\/UE. Quand la politique l\u2019emporte sur la justice et le droit international [Par Lahcen Haddad]","footnotes":""},"categories":[78,54],"tags":[],"class_list":["post-128993","post","type-post","status-publish","format-standard","hentry","category-economie","category-maroc"],"_links":{"self":[{"href":"https:\/\/linitiative.ca\/International\/wp-json\/wp\/v2\/posts\/128993","targetHints":{"allow":["GET"]}}],"collection":[{"href":"https:\/\/linitiative.ca\/International\/wp-json\/wp\/v2\/posts"}],"about":[{"href":"https:\/\/linitiative.ca\/International\/wp-json\/wp\/v2\/types\/post"}],"author":[{"embeddable":true,"href":"https:\/\/linitiative.ca\/International\/wp-json\/wp\/v2\/users\/1787"}],"replies":[{"embeddable":true,"href":"https:\/\/linitiative.ca\/International\/wp-json\/wp\/v2\/comments?post=128993"}],"version-history":[{"count":0,"href":"https:\/\/linitiative.ca\/International\/wp-json\/wp\/v2\/posts\/128993\/revisions"}],"wp:attachment":[{"href":"https:\/\/linitiative.ca\/International\/wp-json\/wp\/v2\/media?parent=128993"}],"wp:term":[{"taxonomy":"category","embeddable":true,"href":"https:\/\/linitiative.ca\/International\/wp-json\/wp\/v2\/categories?post=128993"},{"taxonomy":"post_tag","embeddable":true,"href":"https:\/\/linitiative.ca\/International\/wp-json\/wp\/v2\/tags?post=128993"}],"curies":[{"name":"wp","href":"https:\/\/api.w.org\/{rel}","templated":true}]}}