{"id":128995,"date":"2021-10-04T11:27:43","date_gmt":"2021-10-04T15:27:43","guid":{"rendered":"https:\/\/linitiative.ca\/International\/maroc-la-situation-epidemiologique-en-nette-amelioration\/"},"modified":"2021-10-04T11:27:43","modified_gmt":"2021-10-04T15:27:43","slug":"maroc-la-situation-epidemiologique-en-nette-amelioration","status":"publish","type":"post","link":"https:\/\/linitiative.ca\/International\/maroc-la-situation-epidemiologique-en-nette-amelioration\/","title":{"rendered":"Maroc. La situation \u00e9pid\u00e9miologique en nette am\u00e9lioration"},"content":{"rendered":"<div><img decoding=\"async\" width=\"650\" height=\"366\" src=\"https:\/\/linitiative.ca\/International\/wp-content\/uploads\/sites\/23\/2021\/10\/coronavirus-745.jpg\" class=\"attachment-post-thumbnail size-post-thumbnail wp-post-image\" alt=\"\" loading=\"lazy\" srcset=\"https:\/\/linitiative.ca\/International\/wp-content\/uploads\/sites\/23\/2021\/10\/coronavirus-745.jpg 650w, https:\/\/www.challenge.ma\/wp-content\/uploads\/2021\/06\/coronavirus-745-300x169.jpg 300w, https:\/\/www.challenge.ma\/wp-content\/uploads\/2021\/06\/coronavirus-745-360x203.jpg 360w\" sizes=\"auto, (max-width: 650px) 100vw, 650px\" itemprop=\"image\">Selon Mouad Merabet, Coordonnateur du Centre national des op\u00e9rations d\u2019urgence de sant\u00e9 publique au minist\u00e8re de la Sant\u00e9, la situation \u00e9pid\u00e9miologique au Maroc s\u2019am\u00e9liore de plus en plus et la phase descendante continue sans mauvaise surprise depuis 7 semaines. \u00ab\u00a0Le Maroc reste toujours au niveau orange avec 4 r\u00e9gions au<\/div>\n<p>Auteur: challenge<br \/>\n<a href=\"https:\/\/www.challenge.ma\/maroc-la-situation-epidemiologique-en-nette-amelioration-222417\/\">Cliquez ici pour lire l&rsquo;article depuis sa source.<\/a><\/p>\n","protected":false},"excerpt":{"rendered":"<p>Selon Mouad Merabet, Coordonnateur du Centre national des op\u00e9rations d\u2019urgence de sant\u00e9 publique au minist\u00e8re de la Sant\u00e9, la situation \u00e9pid\u00e9miologique au Maroc s\u2019am\u00e9liore de plus en plus et la phase descendante continue sans mauvaise surprise depuis 7 semaines. \u00ab\u00a0Le Maroc reste toujours au niveau orange avec 4 r\u00e9gions au Auteur: challenge Cliquez ici pour [&hellip;]<\/p>\n","protected":false},"author":1787,"featured_media":0,"comment_status":"closed","ping_status":"closed","sticky":false,"template":"","format":"standard","meta":{"fifu_image_url":"https:\/\/www.challenge.ma\/wp-content\/uploads\/2021\/06\/coronavirus-745.jpg","fifu_image_alt":"Maroc. La situation \u00e9pid\u00e9miologique en nette am\u00e9lioration","footnotes":""},"categories":[78,54],"tags":[],"class_list":["post-128995","post","type-post","status-publish","format-standard","hentry","category-economie","category-maroc"],"_links":{"self":[{"href":"https:\/\/linitiative.ca\/International\/wp-json\/wp\/v2\/posts\/128995","targetHints":{"allow":["GET"]}}],"collection":[{"href":"https:\/\/linitiative.ca\/International\/wp-json\/wp\/v2\/posts"}],"about":[{"href":"https:\/\/linitiative.ca\/International\/wp-json\/wp\/v2\/types\/post"}],"author":[{"embeddable":true,"href":"https:\/\/linitiative.ca\/International\/wp-json\/wp\/v2\/users\/1787"}],"replies":[{"embeddable":true,"href":"https:\/\/linitiative.ca\/International\/wp-json\/wp\/v2\/comments?post=128995"}],"version-history":[{"count":0,"href":"https:\/\/linitiative.ca\/International\/wp-json\/wp\/v2\/posts\/128995\/revisions"}],"wp:attachment":[{"href":"https:\/\/linitiative.ca\/International\/wp-json\/wp\/v2\/media?parent=128995"}],"wp:term":[{"taxonomy":"category","embeddable":true,"href":"https:\/\/linitiative.ca\/International\/wp-json\/wp\/v2\/categories?post=128995"},{"taxonomy":"post_tag","embeddable":true,"href":"https:\/\/linitiative.ca\/International\/wp-json\/wp\/v2\/tags?post=128995"}],"curies":[{"name":"wp","href":"https:\/\/api.w.org\/{rel}","templated":true}]}}