{"id":12900,"date":"2019-02-10T15:38:26","date_gmt":"2019-02-10T20:38:26","guid":{"rendered":"https:\/\/linitiative.ca\/International\/union-africaine-abdel-fatah-al-sissi-succede-a-paul-kagame\/"},"modified":"2019-02-10T15:38:26","modified_gmt":"2019-02-10T20:38:26","slug":"union-africaine-abdel-fatah-al-sissi-succede-a-paul-kagame","status":"publish","type":"post","link":"https:\/\/linitiative.ca\/International\/union-africaine-abdel-fatah-al-sissi-succede-a-paul-kagame\/","title":{"rendered":"Union africaine  : Abdel Fatah al-Sissi succ\u00e8de \u00e0 Paul Kagame"},"content":{"rendered":"<div class=\"td-post-featured-image\"><a href=\"https:\/\/i1.wp.com\/www.sidwaya.info\/wp-content\/uploads\/2019\/02\/1-11.jpg?fit=719%2C479&#038;ssl=1\" data-caption=\"\"><img loading=\"lazy\" decoding=\"async\" width=\"696\" height=\"464\" class=\"entry-thumb td-modal-image\" src=\"https:\/\/i1.wp.com\/www.sidwaya.info\/wp-content\/uploads\/2019\/02\/1-11.jpg?resize=696%2C464&#038;ssl=1\" srcset=\"https:\/\/i1.wp.com\/www.sidwaya.info\/wp-content\/uploads\/2019\/02\/1-11.jpg?w=719&#038;ssl=1 719w, https:\/\/i1.wp.com\/www.sidwaya.info\/wp-content\/uploads\/2019\/02\/1-11.jpg?resize=300%2C200&#038;ssl=1 300w, https:\/\/i1.wp.com\/www.sidwaya.info\/wp-content\/uploads\/2019\/02\/1-11.jpg?resize=696%2C464&#038;ssl=1 696w, https:\/\/i1.wp.com\/www.sidwaya.info\/wp-content\/uploads\/2019\/02\/1-11.jpg?resize=630%2C420&#038;ssl=1 630w\" sizes=\"auto, (max-width: 696px) 100vw, 696px\" alt=\"\" title=\"1\"\/><\/a><\/div>\n<p>Les chefs d\u2019Etat et de gouvernement de l\u2019Union africaine ont ouvert hier, dimanche 10 f\u00e9vrier 2019, dans la capitale \u00e9thiopienne, les travaux de leur 32e sommet. L\u2019ouverture en s\u00e9ance pl\u00e9ni\u00e8re a \u00e9t\u00e9 pr\u00e9c\u00e9d\u00e9e de travaux \u00e0 huis clos, et de l\u2019inauguration du m\u00e9morial Ha\u00efl\u00e9 S\u00e9lassi\u00e9.<\/p>\n<p>La c\u00e9r\u00e9monie d\u2019ouverture a consist\u00e9 en l\u2019intervention de plusieurs orateurs: Moussa Faki Mahamat de la commission de l\u2019Union africaine, Bill Gates de la fondation Bill and Melinda Gates, Gianni Infantino de la FIFA, Tedros Adhanom Ghebreyesus de l\u2019OMS, Ahmad Aboul Gheit de la Ligue arabe, Antonio Guterres des Nations unies, Mahmoud Abass de la Palestine, et le pr\u00e9sident en exercice sortant de l\u2019UA, Paul Kagame, ont tour \u00e0 tour donn\u00e9 en partage leurs visions des enjeux qui se posent au continent. A l\u2019issue de son allocution, Paul Kagame a pass\u00e9 le t\u00e9moin \u00e0 son homologue \u00e9gyptien, Abdel Fatah al-Sissi, pour un mandat d\u2019un an.<\/p>\n<p>Le Pr\u00e9sident du Faso Roch Marc Christian Kabor\u00e9 participe \u00e0 ce sommet. Demain, il pr\u00e9sidera une importante rencontre sur les mutilations g\u00e9nitales f\u00e9minines, dont il est le champion de la lutte de l\u2019UA.<\/p>\n<p class=\"c1\"><strong>Direction de la Communication de la pr\u00e9sidence du Faso<\/strong><\/p>\n<div class=\"td-a-rec td-a-rec-id-content_bottom td_uid_21_5c60a94171c9a_rand td_block_template_1\"><img loading=\"lazy\" decoding=\"async\" class=\"alignright size-full wp-image-1724\" src=\"https:\/\/www.sidwaya.info\/wp-content\/uploads\/2018\/12\/sidwaya-pub.jpg\" alt=\"\" width=\"720\" height=\"90\"\/><\/div>\n","protected":false},"excerpt":{"rendered":"<p>Les chefs d\u2019Etat et de gouvernement de l\u2019Union africaine ont ouvert hier, dimanche 10 f\u00e9vrier 2019, dans la capitale \u00e9thiopienne, les travaux de leur 32e sommet. L\u2019ouverture en s\u00e9ance pl\u00e9ni\u00e8re a \u00e9t\u00e9 pr\u00e9c\u00e9d\u00e9e de travaux \u00e0 huis clos, et de l\u2019inauguration du m\u00e9morial Ha\u00efl\u00e9 S\u00e9lassi\u00e9. La c\u00e9r\u00e9monie d\u2019ouverture a consist\u00e9 en l\u2019intervention de plusieurs orateurs: [&hellip;]<\/p>\n","protected":false},"author":1816,"featured_media":0,"comment_status":"closed","ping_status":"closed","sticky":false,"template":"","format":"standard","meta":{"fifu_image_url":"","fifu_image_alt":"","footnotes":""},"categories":[73,81],"tags":[],"class_list":["post-12900","post","type-post","status-publish","format-standard","hentry","category-actualite","category-burkina-faso"],"_links":{"self":[{"href":"https:\/\/linitiative.ca\/International\/wp-json\/wp\/v2\/posts\/12900","targetHints":{"allow":["GET"]}}],"collection":[{"href":"https:\/\/linitiative.ca\/International\/wp-json\/wp\/v2\/posts"}],"about":[{"href":"https:\/\/linitiative.ca\/International\/wp-json\/wp\/v2\/types\/post"}],"author":[{"embeddable":true,"href":"https:\/\/linitiative.ca\/International\/wp-json\/wp\/v2\/users\/1816"}],"replies":[{"embeddable":true,"href":"https:\/\/linitiative.ca\/International\/wp-json\/wp\/v2\/comments?post=12900"}],"version-history":[{"count":0,"href":"https:\/\/linitiative.ca\/International\/wp-json\/wp\/v2\/posts\/12900\/revisions"}],"wp:attachment":[{"href":"https:\/\/linitiative.ca\/International\/wp-json\/wp\/v2\/media?parent=12900"}],"wp:term":[{"taxonomy":"category","embeddable":true,"href":"https:\/\/linitiative.ca\/International\/wp-json\/wp\/v2\/categories?post=12900"},{"taxonomy":"post_tag","embeddable":true,"href":"https:\/\/linitiative.ca\/International\/wp-json\/wp\/v2\/tags?post=12900"}],"curies":[{"name":"wp","href":"https:\/\/api.w.org\/{rel}","templated":true}]}}