{"id":129001,"date":"2021-10-04T16:14:23","date_gmt":"2021-10-04T20:14:23","guid":{"rendered":"https:\/\/linitiative.ca\/International\/tunisie-manque-des-medicaments-essentiels-qui-est-responsable-de-la-faillite-de-la-pct\/"},"modified":"2021-10-04T16:14:23","modified_gmt":"2021-10-04T20:14:23","slug":"tunisie-manque-des-medicaments-essentiels-qui-est-responsable-de-la-faillite-de-la-pct","status":"publish","type":"post","link":"https:\/\/linitiative.ca\/International\/tunisie-manque-des-medicaments-essentiels-qui-est-responsable-de-la-faillite-de-la-pct\/","title":{"rendered":"Tunisie \u2013 Manque des m\u00e9dicaments essentiels\u00a0: Qui est responsable de la faillite de la PCT\u00a0?"},"content":{"rendered":"<div>\n<p>On ne le r\u00e9p\u00e8tera jamais assez\u00a0: Plusieurs m\u00e9dicaments essentiels que ce soient ceux r\u00e9serv\u00e9s pour les maladies chroniques, ou, m\u00eame, depuis quelques semaines, les m\u00e9dicaments d\u2019usage commun dans les urgences. La situation devient intenable pour les malades qui souffrent le martyr pour pouvoir obtenir, ne serait-ce qu\u2019une boite de leur traitement. Et cette situation risque [\u2026]<\/p>\n<p>L\u2019article <a href=\"https:\/\/www.tunisienumerique.com\/tunisie-manque-des-medicaments-essentiels-qui-est-responsable-de-la-faillite-de-la-pct\/\">Tunisie \u2013 Manque des m\u00e9dicaments essentiels\u00a0: Qui est responsable de la faillite de la PCT\u00a0?<\/a> est apparu en premier sur <a href=\"https:\/\/www.tunisienumerique.com\/\">Tunisie<\/a>.<\/p>\n<\/div>\n<p>Auteur: Saber .<br \/>\n<a href=\"https:\/\/www.tunisienumerique.com\/tunisie-manque-des-medicaments-essentiels-qui-est-responsable-de-la-faillite-de-la-pct\/\">Cliquez ici pour lire l&rsquo;article depuis sa source.<\/a><\/p>\n","protected":false},"excerpt":{"rendered":"<p>On ne le r\u00e9p\u00e8tera jamais assez\u00a0: Plusieurs m\u00e9dicaments essentiels que ce soient ceux r\u00e9serv\u00e9s pour les maladies chroniques, ou, m\u00eame, depuis quelques semaines, les m\u00e9dicaments d\u2019usage commun dans les urgences. La situation devient intenable pour les malades qui souffrent le martyr pour pouvoir obtenir, ne serait-ce qu\u2019une boite de leur traitement. Et cette situation risque [&hellip;]<\/p>\n","protected":false},"author":1789,"featured_media":0,"comment_status":"closed","ping_status":"closed","sticky":false,"template":"","format":"standard","meta":{"fifu_image_url":"","fifu_image_alt":"","footnotes":""},"categories":[73,55],"tags":[],"class_list":["post-129001","post","type-post","status-publish","format-standard","hentry","category-actualite","category-tunisie"],"_links":{"self":[{"href":"https:\/\/linitiative.ca\/International\/wp-json\/wp\/v2\/posts\/129001","targetHints":{"allow":["GET"]}}],"collection":[{"href":"https:\/\/linitiative.ca\/International\/wp-json\/wp\/v2\/posts"}],"about":[{"href":"https:\/\/linitiative.ca\/International\/wp-json\/wp\/v2\/types\/post"}],"author":[{"embeddable":true,"href":"https:\/\/linitiative.ca\/International\/wp-json\/wp\/v2\/users\/1789"}],"replies":[{"embeddable":true,"href":"https:\/\/linitiative.ca\/International\/wp-json\/wp\/v2\/comments?post=129001"}],"version-history":[{"count":0,"href":"https:\/\/linitiative.ca\/International\/wp-json\/wp\/v2\/posts\/129001\/revisions"}],"wp:attachment":[{"href":"https:\/\/linitiative.ca\/International\/wp-json\/wp\/v2\/media?parent=129001"}],"wp:term":[{"taxonomy":"category","embeddable":true,"href":"https:\/\/linitiative.ca\/International\/wp-json\/wp\/v2\/categories?post=129001"},{"taxonomy":"post_tag","embeddable":true,"href":"https:\/\/linitiative.ca\/International\/wp-json\/wp\/v2\/tags?post=129001"}],"curies":[{"name":"wp","href":"https:\/\/api.w.org\/{rel}","templated":true}]}}