{"id":129003,"date":"2021-10-04T16:40:13","date_gmt":"2021-10-04T20:40:13","guid":{"rendered":"https:\/\/linitiative.ca\/International\/tunisie-zero-malades-covid-pour-le-deuxieme-jour-consecutif-a-kasserine\/"},"modified":"2021-10-04T16:40:13","modified_gmt":"2021-10-04T20:40:13","slug":"tunisie-zero-malades-covid-pour-le-deuxieme-jour-consecutif-a-kasserine","status":"publish","type":"post","link":"https:\/\/linitiative.ca\/International\/tunisie-zero-malades-covid-pour-le-deuxieme-jour-consecutif-a-kasserine\/","title":{"rendered":"Tunisie \u2013 Z\u00e9ro malades covid + pour le deuxi\u00e8me jour cons\u00e9cutif \u00e0 Kasserine"},"content":{"rendered":"<div>\n<p>Le directeur r\u00e9gional de la sant\u00e9 \u00e0 Kasserine a annonc\u00e9, que la situation \u00e9pid\u00e9miologique, en rapport avec la covid, s\u2019est, nettement, am\u00e9lior\u00e9e, \u00e0 Kasserine. Il a pr\u00e9cis\u00e9 que, pour le deuxi\u00e8me jour cons\u00e9cutif, il n\u2019y avait aucun malade covid +, hospitalis\u00e9 au service des urgences de l\u2019h\u00f4pital r\u00e9gional de Kasserine.<\/p>\n<p>L\u2019article <a href=\"https:\/\/www.tunisienumerique.com\/tunisie-zero-malades-covid-pour-le-deuxieme-jour-consecutif-a-kasserine\/\">Tunisie \u2013 Z\u00e9ro malades covid + pour le deuxi\u00e8me jour cons\u00e9cutif \u00e0 Kasserine<\/a> est apparu en premier sur <a href=\"https:\/\/www.tunisienumerique.com\/\">Tunisie<\/a>.<\/p>\n<\/div>\n<p>Auteur: LM<br \/>\n<a href=\"https:\/\/www.tunisienumerique.com\/tunisie-zero-malades-covid-pour-le-deuxieme-jour-consecutif-a-kasserine\/\">Cliquez ici pour lire l&rsquo;article depuis sa source.<\/a><\/p>\n","protected":false},"excerpt":{"rendered":"<p>Le directeur r\u00e9gional de la sant\u00e9 \u00e0 Kasserine a annonc\u00e9, que la situation \u00e9pid\u00e9miologique, en rapport avec la covid, s\u2019est, nettement, am\u00e9lior\u00e9e, \u00e0 Kasserine. Il a pr\u00e9cis\u00e9 que, pour le deuxi\u00e8me jour cons\u00e9cutif, il n\u2019y avait aucun malade covid +, hospitalis\u00e9 au service des urgences de l\u2019h\u00f4pital r\u00e9gional de Kasserine. L\u2019article Tunisie \u2013 Z\u00e9ro malades [&hellip;]<\/p>\n","protected":false},"author":1789,"featured_media":0,"comment_status":"closed","ping_status":"closed","sticky":false,"template":"","format":"standard","meta":{"fifu_image_url":"","fifu_image_alt":"","footnotes":""},"categories":[73,55],"tags":[],"class_list":["post-129003","post","type-post","status-publish","format-standard","hentry","category-actualite","category-tunisie"],"_links":{"self":[{"href":"https:\/\/linitiative.ca\/International\/wp-json\/wp\/v2\/posts\/129003","targetHints":{"allow":["GET"]}}],"collection":[{"href":"https:\/\/linitiative.ca\/International\/wp-json\/wp\/v2\/posts"}],"about":[{"href":"https:\/\/linitiative.ca\/International\/wp-json\/wp\/v2\/types\/post"}],"author":[{"embeddable":true,"href":"https:\/\/linitiative.ca\/International\/wp-json\/wp\/v2\/users\/1789"}],"replies":[{"embeddable":true,"href":"https:\/\/linitiative.ca\/International\/wp-json\/wp\/v2\/comments?post=129003"}],"version-history":[{"count":0,"href":"https:\/\/linitiative.ca\/International\/wp-json\/wp\/v2\/posts\/129003\/revisions"}],"wp:attachment":[{"href":"https:\/\/linitiative.ca\/International\/wp-json\/wp\/v2\/media?parent=129003"}],"wp:term":[{"taxonomy":"category","embeddable":true,"href":"https:\/\/linitiative.ca\/International\/wp-json\/wp\/v2\/categories?post=129003"},{"taxonomy":"post_tag","embeddable":true,"href":"https:\/\/linitiative.ca\/International\/wp-json\/wp\/v2\/tags?post=129003"}],"curies":[{"name":"wp","href":"https:\/\/api.w.org\/{rel}","templated":true}]}}