{"id":129004,"date":"2021-10-04T16:45:49","date_gmt":"2021-10-04T20:45:49","guid":{"rendered":"https:\/\/linitiative.ca\/International\/tunisie-el-fahs-un-homme-age-trouve-pendu-chez-lui\/"},"modified":"2021-10-04T16:45:49","modified_gmt":"2021-10-04T20:45:49","slug":"tunisie-el-fahs-un-homme-age-trouve-pendu-chez-lui","status":"publish","type":"post","link":"https:\/\/linitiative.ca\/International\/tunisie-el-fahs-un-homme-age-trouve-pendu-chez-lui\/","title":{"rendered":"Tunisie \u2013 El Fahs\u00a0: Un homme \u00e2g\u00e9 trouv\u00e9 pendu chez lui\u00a0!"},"content":{"rendered":"<div>\n<p>Un jeune homme r\u00e9sidant \u00e0 Kedouet Cha\u00efr au Fahs a retrouv\u00e9, ce lundi, son p\u00e8re \u00e2g\u00e9, pendu dans sa maison. Les autorit\u00e9s alert\u00e9es ont lev\u00e9 la d\u00e9pouille, qui a \u00e9t\u00e9 envoy\u00e9e \u00e0 l\u2019h\u00f4pital pour les besoins de l\u2019autopsie, et une enqu\u00eate judiciaire a \u00e9t\u00e9 ouverte. D\u2019apr\u00e8s les premiers t\u00e9moignages, l\u2019homme \u00e2g\u00e9 se serait donn\u00e9 la [\u2026]<\/p>\n<p>L\u2019article <a href=\"https:\/\/www.tunisienumerique.com\/tunisie-el-fahs-un-homme-age-trouve-pendu-chez-lui\/\">Tunisie \u2013 El Fahs\u00a0: Un homme \u00e2g\u00e9 trouv\u00e9 pendu chez lui\u00a0!<\/a> est apparu en premier sur <a href=\"https:\/\/www.tunisienumerique.com\/\">Tunisie<\/a>.<\/p>\n<\/div>\n<p>Auteur: LM<br \/>\n<a href=\"https:\/\/www.tunisienumerique.com\/tunisie-el-fahs-un-homme-age-trouve-pendu-chez-lui\/\">Cliquez ici pour lire l&rsquo;article depuis sa source.<\/a><\/p>\n","protected":false},"excerpt":{"rendered":"<p>Un jeune homme r\u00e9sidant \u00e0 Kedouet Cha\u00efr au Fahs a retrouv\u00e9, ce lundi, son p\u00e8re \u00e2g\u00e9, pendu dans sa maison. Les autorit\u00e9s alert\u00e9es ont lev\u00e9 la d\u00e9pouille, qui a \u00e9t\u00e9 envoy\u00e9e \u00e0 l\u2019h\u00f4pital pour les besoins de l\u2019autopsie, et une enqu\u00eate judiciaire a \u00e9t\u00e9 ouverte. D\u2019apr\u00e8s les premiers t\u00e9moignages, l\u2019homme \u00e2g\u00e9 se serait donn\u00e9 la [&hellip;]<\/p>\n","protected":false},"author":1789,"featured_media":0,"comment_status":"closed","ping_status":"closed","sticky":false,"template":"","format":"standard","meta":{"fifu_image_url":"","fifu_image_alt":"","footnotes":""},"categories":[73,55],"tags":[],"class_list":["post-129004","post","type-post","status-publish","format-standard","hentry","category-actualite","category-tunisie"],"_links":{"self":[{"href":"https:\/\/linitiative.ca\/International\/wp-json\/wp\/v2\/posts\/129004","targetHints":{"allow":["GET"]}}],"collection":[{"href":"https:\/\/linitiative.ca\/International\/wp-json\/wp\/v2\/posts"}],"about":[{"href":"https:\/\/linitiative.ca\/International\/wp-json\/wp\/v2\/types\/post"}],"author":[{"embeddable":true,"href":"https:\/\/linitiative.ca\/International\/wp-json\/wp\/v2\/users\/1789"}],"replies":[{"embeddable":true,"href":"https:\/\/linitiative.ca\/International\/wp-json\/wp\/v2\/comments?post=129004"}],"version-history":[{"count":0,"href":"https:\/\/linitiative.ca\/International\/wp-json\/wp\/v2\/posts\/129004\/revisions"}],"wp:attachment":[{"href":"https:\/\/linitiative.ca\/International\/wp-json\/wp\/v2\/media?parent=129004"}],"wp:term":[{"taxonomy":"category","embeddable":true,"href":"https:\/\/linitiative.ca\/International\/wp-json\/wp\/v2\/categories?post=129004"},{"taxonomy":"post_tag","embeddable":true,"href":"https:\/\/linitiative.ca\/International\/wp-json\/wp\/v2\/tags?post=129004"}],"curies":[{"name":"wp","href":"https:\/\/api.w.org\/{rel}","templated":true}]}}