{"id":129006,"date":"2021-10-04T16:05:30","date_gmt":"2021-10-04T20:05:30","guid":{"rendered":"https:\/\/linitiative.ca\/International\/risque-de-famine-liee-a-la-crise-securitaire-au-sahel\/"},"modified":"2021-10-04T16:05:30","modified_gmt":"2021-10-04T20:05:30","slug":"risque-de-famine-liee-a-la-crise-securitaire-au-sahel","status":"publish","type":"post","link":"https:\/\/linitiative.ca\/International\/risque-de-famine-liee-a-la-crise-securitaire-au-sahel\/","title":{"rendered":"RISQUE DE FAMINE LIEE A LA CRISE SECURITAIRE AU SAHEL"},"content":{"rendered":"<div>\n<p><img decoding=\"async\" width=\"664\" height=\"443\" src=\"https:\/\/linitiative.ca\/International\/wp-content\/uploads\/sites\/23\/2021\/10\/SAHEL.jpg\" class=\"attachment- size- wp-post-image\" alt=\"\" loading=\"lazy\" style=\"float:left; margin:0 15px 15px 0;\" srcset=\"https:\/\/linitiative.ca\/International\/wp-content\/uploads\/sites\/23\/2021\/10\/SAHEL.jpg 664w, https:\/\/lepays.bf\/wp-content\/uploads\/2021\/10\/SAHEL-300x200.jpg 300w\" sizes=\"auto, (max-width: 664px) 100vw, 664px\">Ce sont les Nations unies, \u00e0 travers leur Office de coordination des affaires humanitaires (OCHA) au Niger, qui donnent l\u2019information. Plus d\u2019un demi-million de personnes sont d\u00e9j\u00e0 en situation d\u2019ins\u00e9curit\u00e9 alimentaire dans la r\u00e9gion de Tillaberi, dans l\u2019Ouest du pays.\u00a0 Une situation qui tire en grande partie sa source de l\u2019ins\u00e9curit\u00e9 qui s\u00e9vit dans la \u2026<\/p>\n<p>L\u2019article <a rel=\"nofollow\" href=\"https:\/\/lepays.bf\/risque-de-famine-liee-a-la-crise-securitaire-au-sahel\/\">RISQUE DE FAMINE LIEE A LA CRISE SECURITAIRE AU SAHEL<\/a> est apparu en premier sur <a rel=\"nofollow\" href=\"https:\/\/lepays.bf\/\">Editions Le Pays<\/a>.<\/p>\n<\/div>\n<p>Auteur: Editions LEPAYS<br \/>\n<a href=\"https:\/\/lepays.bf\/risque-de-famine-liee-a-la-crise-securitaire-au-sahel\/\">Cliquez ici pour lire l&rsquo;article depuis sa source.<\/a><\/p>\n","protected":false},"excerpt":{"rendered":"<p>Ce sont les Nations unies, \u00e0 travers leur Office de coordination des affaires humanitaires (OCHA) au Niger, qui donnent l\u2019information. Plus d\u2019un demi-million de personnes sont d\u00e9j\u00e0 en situation d\u2019ins\u00e9curit\u00e9 alimentaire dans la r\u00e9gion de Tillaberi, dans l\u2019Ouest du pays.\u00a0 Une situation qui tire en grande partie sa source de l\u2019ins\u00e9curit\u00e9 qui s\u00e9vit dans la [&hellip;]<\/p>\n","protected":false},"author":1813,"featured_media":0,"comment_status":"closed","ping_status":"closed","sticky":false,"template":"","format":"standard","meta":{"fifu_image_url":"https:\/\/lepays.bf\/wp-content\/uploads\/2021\/10\/SAHEL.jpg","fifu_image_alt":"RISQUE DE FAMINE LIEE A LA CRISE SECURITAIRE AU SAHEL","footnotes":""},"categories":[73,81],"tags":[],"class_list":["post-129006","post","type-post","status-publish","format-standard","hentry","category-actualite","category-burkina-faso"],"_links":{"self":[{"href":"https:\/\/linitiative.ca\/International\/wp-json\/wp\/v2\/posts\/129006","targetHints":{"allow":["GET"]}}],"collection":[{"href":"https:\/\/linitiative.ca\/International\/wp-json\/wp\/v2\/posts"}],"about":[{"href":"https:\/\/linitiative.ca\/International\/wp-json\/wp\/v2\/types\/post"}],"author":[{"embeddable":true,"href":"https:\/\/linitiative.ca\/International\/wp-json\/wp\/v2\/users\/1813"}],"replies":[{"embeddable":true,"href":"https:\/\/linitiative.ca\/International\/wp-json\/wp\/v2\/comments?post=129006"}],"version-history":[{"count":0,"href":"https:\/\/linitiative.ca\/International\/wp-json\/wp\/v2\/posts\/129006\/revisions"}],"wp:attachment":[{"href":"https:\/\/linitiative.ca\/International\/wp-json\/wp\/v2\/media?parent=129006"}],"wp:term":[{"taxonomy":"category","embeddable":true,"href":"https:\/\/linitiative.ca\/International\/wp-json\/wp\/v2\/categories?post=129006"},{"taxonomy":"post_tag","embeddable":true,"href":"https:\/\/linitiative.ca\/International\/wp-json\/wp\/v2\/tags?post=129006"}],"curies":[{"name":"wp","href":"https:\/\/api.w.org\/{rel}","templated":true}]}}