{"id":12901,"date":"2019-02-10T15:41:40","date_gmt":"2019-02-10T20:41:40","guid":{"rendered":"https:\/\/linitiative.ca\/International\/incendie-a-saint-leon-un-magasin-et-une-maison-dhabitation-partis-en-flammes\/"},"modified":"2019-02-10T15:41:40","modified_gmt":"2019-02-10T20:41:40","slug":"incendie-a-saint-leon-un-magasin-et-une-maison-dhabitation-partis-en-flammes","status":"publish","type":"post","link":"https:\/\/linitiative.ca\/International\/incendie-a-saint-leon-un-magasin-et-une-maison-dhabitation-partis-en-flammes\/","title":{"rendered":"Incendie \u00e0 Saint-L\u00e9on  : un magasin et une maison d\u2019habitation  partis en flammes"},"content":{"rendered":"<div class=\"td-post-featured-image\"><a href=\"https:\/\/i1.wp.com\/www.sidwaya.info\/wp-content\/uploads\/2019\/02\/3-2.jpg?fit=595%2C397&#038;ssl=1\" data-caption=\"\"><img loading=\"lazy\" decoding=\"async\" width=\"595\" height=\"397\" class=\"entry-thumb td-modal-image\" src=\"https:\/\/i1.wp.com\/www.sidwaya.info\/wp-content\/uploads\/2019\/02\/3-2.jpg?resize=595%2C397&#038;ssl=1\" srcset=\"https:\/\/i1.wp.com\/www.sidwaya.info\/wp-content\/uploads\/2019\/02\/3-2.jpg?w=595&#038;ssl=1 595w, https:\/\/i1.wp.com\/www.sidwaya.info\/wp-content\/uploads\/2019\/02\/3-2.jpg?resize=300%2C200&#038;ssl=1 300w\" sizes=\"auto, (max-width: 595px) 100vw, 595px\" alt=\"\" title=\"3\"\/><\/a><\/div>\n<p><strong>Dans la soir\u00e9e du 9 f\u00e9vrier 2019, un incendie s\u2019est enclench\u00e9 au quartier Saint-L\u00e9on de Ouagadougou, non loin de la cath\u00e9drale. Le bilan fait \u00e9tat d\u2019un magasin de stockage de marchandises diverses et d\u2019une maison d\u2019habitation consum\u00e9s, avec d\u2019importants d\u00e9g\u00e2ts mat\u00e9riels.<\/strong><\/p>\n<p>Un magasin de stockage de marchandises diverses et une maison d\u2019habitation jouxtant l\u2019entrep\u00f4t, partis en feu. Tel est le bilan que l\u2019on peut faire de l\u2019incendie qui s\u2019est produit le 9 f\u00e9vrier 2019 dans le quartier Saint-L\u00e9on de Ouagadougou, non loin de la cath\u00e9drale, aux environs de 18 heures. Dans le magasin, \u00e9taient entrepos\u00e9s des objets divers tels de la laine, des albums photos, de la patte dentifrice, des parfums, des cailloux-lave-pieds, des jouets pour enfants, des ballons, des sparadraps, des d\u00e9odorants, des m\u00e8ches, etc. d\u2019une valeur d\u2019environ 13 millions F CFA, selon le propri\u00e9taire, Yahaya Lasisi. L\u2019occupant de la maison d\u2019habitation, absent au moment du drame, dit y avoir tout perdu.<\/p>\n<p>\u00ab\u00a0J\u2019\u00e9tais en poste \u00e0 Kombissiri, quand on m\u2019a appel\u00e9 vers 19h30 pour dire que ma maison a pris feu. Lorsque je suis arriv\u00e9, du salon \u00e0 la chambre, il ne reste plus rien. J\u2019ai tout perdu\u00a0: mes tenues personnelles et de service, mes papiers administratifs, les effets de la famille, la moto\u2026\u00bb, raconte le sinistr\u00e9, l\u2019assistant de police, Jean Hilaire Compaor\u00e9. Alert\u00e9 aux environs de 18 heures 9 min, c\u2019est trois minutes plus tard que les premiers engins sont arriv\u00e9s sur les lieux du sinistre, rapporte le capitaine Herv\u00e9 Kinda de la Brigade de sapeurs-pompiers. Environ 5 heures, c\u2019est le temps qu\u2019il a fallu aux soldats du feu pour venir \u00e0 bout des \u00ab\u00a0flammes violentes\u00a0\u00bb, avec l\u2019aide de quatre engins, a-t-il fait savoir.<\/p>\n<p><strong>Origine inconnue<\/strong><\/p>\n<p>Et d\u2019ajouter que le potentiel calorifique dans l\u2019entrep\u00f4t \u00e9tait important, ce qui fait que le feu s\u2019est vite embras\u00e9. \u00ab\u00a0Comme l\u2019incendie \u00e9tait au milieu des maisons d\u2019habitation, il fallait mobiliser beaucoup de moyens pour emp\u00eacher le feu de se propager, avant de poursuivre l\u2019extinction\u00a0\u00bb, a expliqu\u00e9 le capitaine Kinda. Il a fallu que la SONABEL vienne isoler la zone avant que nous ne commencions les op\u00e9rations, a-t-il pr\u00e9cis\u00e9. En entendant les r\u00e9sultats des investigations de la police scientifique qui \u00e9tait sur les lieux, l\u2019origine du feu reste inconnue. Selon certains t\u00e9moins trouv\u00e9s sur place, les flammes seraient parties du magasin. Mais le propri\u00e9taire de l\u2019entrep\u00f4t se demande d\u2019o\u00f9 est vraiment parti l\u2019incendie. \u00ab\u00a0Je ne comprends rien car dans le magasin, il n\u2019y a pas d\u2019\u00e9lectricit\u00e9 ni plaque solaire\u00a0\u00bb, a confi\u00e9 M. Lasisi.<\/p>\n<p>Pour le capitaine Kinda, la solution r\u00e9side dans la pr\u00e9vention. Il invite les populations \u00e0 toujours prendre des mesures pr\u00e9ventives pour se mettre \u00e0 l\u2019abri des sinistres du genre. \u00ab\u00a0Si les gens ont des extincteurs, avec un stockage a\u00e9r\u00e9, les d\u00e9g\u00e2ts peuvent \u00eatre limit\u00e9s en cas d\u2019incendie. Les moyens de pr\u00e9ventions ne co\u00fbtent absolument rien par rapport aux pertes qu\u2019ils subissent\u00a0\u00bb, a-t-il soulign\u00e9.<\/p>\n<p class=\"c1\"><strong>Mahamadi SEBOGO<\/strong><br \/><strong>msebogo@yahoo.fr<\/strong><\/p>\n<div class=\"td-a-rec td-a-rec-id-content_bottom td_uid_21_5c60a9442f04c_rand td_block_template_1\"><img loading=\"lazy\" decoding=\"async\" class=\"alignright size-full wp-image-1724\" src=\"https:\/\/www.sidwaya.info\/wp-content\/uploads\/2018\/12\/sidwaya-pub.jpg\" alt=\"\" width=\"720\" height=\"90\"\/><\/div>\n","protected":false},"excerpt":{"rendered":"<p>Dans la soir\u00e9e du 9 f\u00e9vrier 2019, un incendie s\u2019est enclench\u00e9 au quartier Saint-L\u00e9on de Ouagadougou, non loin de la cath\u00e9drale. Le bilan fait \u00e9tat d\u2019un magasin de stockage de marchandises diverses et d\u2019une maison d\u2019habitation consum\u00e9s, avec d\u2019importants d\u00e9g\u00e2ts mat\u00e9riels. Un magasin de stockage de marchandises diverses et une maison d\u2019habitation jouxtant l\u2019entrep\u00f4t, partis [&hellip;]<\/p>\n","protected":false},"author":1816,"featured_media":0,"comment_status":"closed","ping_status":"closed","sticky":false,"template":"","format":"standard","meta":{"fifu_image_url":"","fifu_image_alt":"","footnotes":""},"categories":[73,81],"tags":[],"class_list":["post-12901","post","type-post","status-publish","format-standard","hentry","category-actualite","category-burkina-faso"],"_links":{"self":[{"href":"https:\/\/linitiative.ca\/International\/wp-json\/wp\/v2\/posts\/12901","targetHints":{"allow":["GET"]}}],"collection":[{"href":"https:\/\/linitiative.ca\/International\/wp-json\/wp\/v2\/posts"}],"about":[{"href":"https:\/\/linitiative.ca\/International\/wp-json\/wp\/v2\/types\/post"}],"author":[{"embeddable":true,"href":"https:\/\/linitiative.ca\/International\/wp-json\/wp\/v2\/users\/1816"}],"replies":[{"embeddable":true,"href":"https:\/\/linitiative.ca\/International\/wp-json\/wp\/v2\/comments?post=12901"}],"version-history":[{"count":0,"href":"https:\/\/linitiative.ca\/International\/wp-json\/wp\/v2\/posts\/12901\/revisions"}],"wp:attachment":[{"href":"https:\/\/linitiative.ca\/International\/wp-json\/wp\/v2\/media?parent=12901"}],"wp:term":[{"taxonomy":"category","embeddable":true,"href":"https:\/\/linitiative.ca\/International\/wp-json\/wp\/v2\/categories?post=12901"},{"taxonomy":"post_tag","embeddable":true,"href":"https:\/\/linitiative.ca\/International\/wp-json\/wp\/v2\/tags?post=12901"}],"curies":[{"name":"wp","href":"https:\/\/api.w.org\/{rel}","templated":true}]}}