{"id":129011,"date":"2021-10-04T05:18:39","date_gmt":"2021-10-04T09:18:39","guid":{"rendered":"https:\/\/linitiative.ca\/International\/journee-dexcellence-scolaire-a-yamadio-le-merite-des-eleves-et-enseignants-recompense\/"},"modified":"2021-10-04T05:18:39","modified_gmt":"2021-10-04T09:18:39","slug":"journee-dexcellence-scolaire-a-yamadio-le-merite-des-eleves-et-enseignants-recompense","status":"publish","type":"post","link":"https:\/\/linitiative.ca\/International\/journee-dexcellence-scolaire-a-yamadio-le-merite-des-eleves-et-enseignants-recompense\/","title":{"rendered":"Journ\u00e9e d\u2019excellence scolaire \u00e0 Yamadio: Le m\u00e9rite des \u00e9l\u00e8ves et enseignants r\u00e9compens\u00e9"},"content":{"rendered":"<div>\n<p><strong>L\u2019Association K\u00f4r\u00f4to pour le D\u00e9veloppement de Yamadio (AKDY) a organis\u00e9 la premi\u00e8re \u00e9dition de la journ\u00e9e d\u2019excellence des \u00e9coles primaires de ladite localit\u00e9, dans la commune rurale de Didyr, le samedi 2 octobre 2021.<\/strong><\/p>\n<p>Dans la dynamique de soutenir et encourager l\u2019\u00e9ducation des enfants, l\u2019Association K\u00f4r\u00f4to pour le D\u00e9veloppement de Yamadio (AKDY) a d\u00e9cid\u00e9 de jouer sa partition en initiant la journ\u00e9e d\u2019excellence dans les \u00e9coles primaires de Yamadio, un village relevant de la commune de Didyr, dans la province du Sangui\u00e9. La premi\u00e8re \u00e9dition de la journ\u00e9e d\u2019excellence est intervenue le samedi 2 octobre 2021 dans une ambiance festive. En pr\u00e9sence du chef de de la Circonscription d\u2019enseignement de base (CCEB), Blaise Bayili, des autorit\u00e9s locales et d\u2019une population rassembl\u00e9e \u00e0 l\u2019occasion, le m\u00e9rite d\u2019une trentaine d\u2019\u00e9l\u00e8ves qui se sont distingu\u00e9s par leur travail durant l\u2019ann\u00e9e scolaire pass\u00e9e et de leurs enseignants a \u00e9t\u00e9 r\u00e9compens\u00e9. Les cinq premiers de chaque classe des quatre \u00e9coles du village ont re\u00e7u chacun des fournitures scolaires. Les deux meilleurs \u00e9l\u00e8ves au Certificat d\u2019\u00e9tudes primaires (CEP) ont re\u00e7u chacun un v\u00e9lo, des fournitures scolaires et un kit d\u2019\u00e9clairage. Les enseignants de classes de CM2 ont \u00e9t\u00e9 \u00e9galement r\u00e9compens\u00e9s. Sur la m\u00eame lanc\u00e9e, AKDY a salu\u00e9 le travail de tous les enseignants des quatre \u00e9coles primaires en leur attribuant des attestations de reconnaissance. Dans le m\u00eame registre, l\u2019association a traduit sa gratitude aux parrains et invit\u00e9s de la premi\u00e8re \u00e9dition de la journ\u00e9e d\u2019excellence en leur d\u00e9cernant des attestations.<\/p>\n<p>Le repr\u00e9sentant du chef du village, Boureima Badolo, a remerci\u00e9 les fils de Yamadio qui ont d\u00e9cid\u00e9 d\u2019encourager leurs petits fr\u00e8res \u00e0 l\u2019\u00e9cole. <em>\u00ab\u00a0La premi\u00e8re \u00e9cole de Yamadio a ouvert ses portes en 1994. Et c\u2019est la premi\u00e8re fois que nous accueillons une telle initiative. C\u2019est un honneur qui nous est fait et nous souhaitons qu\u2019elle se perp\u00e9tue au fil du temps\u00a0\u00bb<\/em>, a-t-il d\u00e9clar\u00e9. Le CCEB de Didyr, Blaise Bayili, a indiqu\u00e9 que soutenir l\u2019\u00e9ducation des enfants, c\u2019est jeter les bases d\u2019un d\u00e9veloppement socio\u00e9conomique durable. <em>\u00ab\u00a0Les journ\u00e9es d\u2019excellence sont \u00e0 encourager d\u2019autant qu\u2019elles participent \u00e0 instaurer une saine \u00e9mulation parmi les \u00e9l\u00e8ves. Je f\u00e9licite les initiateurs de cette premi\u00e8re \u00e9dition et les exhorte \u00e0 poursuivre cet \u00e9lan\u00a0\u00bb<\/em>, a-t-il soulign\u00e9. Le directeur de l\u2019\u00e9cole primaire de Yamadio, Ousmane Sor\u00e9, s\u2019est dit \u00e9tonn\u00e9 de la mobilisation des filles et fils du village pour cette 1<sup>re<\/sup> \u00e9dition. \u00ab\u00a0Pour une premi\u00e8re, c\u2019est un franc succ\u00e8s. Je traduis ma gratitude aux population pour leur pr\u00e9sence \u00e0 nos c\u00f4t\u00e9s pour relever les d\u00e9fis de l\u2019\u00e9ducation des enfants\u00a0\u00bba-t- il soutenu. Au nom des parrains, Hyacinthe Bazi\u00e9, pharmacien, et Ambroise Bazi\u00e9, inspecteur des douanes, ont remerci\u00e9 l\u2019association AKDY pour les avoir honor\u00e9s en portant sur eux le choix du parrainage de la 1<sup>re<\/sup> \u00e9dition de la journ\u00e9e d\u2019excellence des \u00e9coles primaires de Yamadio.<\/p>\n<p><strong>Soutenir cons\u00e9quemment les \u00e9l\u00e8ves<\/strong><\/p>\n<p><img decoding=\"async\" loading=\"lazy\" class=\"alignleft size-full wp-image-40275\" src=\"https:\/\/linitiative.ca\/International\/wp-content\/uploads\/sites\/23\/2021\/10\/1.jpeg\" alt=\"\" width=\"900\" height=\"405\" srcset=\"https:\/\/linitiative.ca\/International\/wp-content\/uploads\/sites\/23\/2021\/10\/1.jpeg 900w, https:\/\/www.sidwaya.info\/wp-content\/uploads\/2021\/10\/1-300x135.jpeg 300w, https:\/\/www.sidwaya.info\/wp-content\/uploads\/2021\/10\/1-768x346.jpeg 768w, https:\/\/www.sidwaya.info\/wp-content\/uploads\/2021\/10\/1-150x68.jpeg 150w, https:\/\/www.sidwaya.info\/wp-content\/uploads\/2021\/10\/1-696x313.jpeg 696w\" sizes=\"auto, (max-width: 900px) 100vw, 900px\">Ils ont invit\u00e9 les parents d\u2019\u00e9l\u00e8ves \u00e0 soutenir cons\u00e9quemment leurs enfants dans leur cursus.\u00a0 <em>\u00ab\u00a0Nous sommes heureux de voir une telle mobilisation pour un premier essai. Nous t\u00e9moignons notre gratitude \u00e0 la population pour l\u2019accueil qui nous a \u00e9t\u00e9 r\u00e9serv\u00e9\u00a0\u00bb<\/em>, s\u2019est r\u00e9joui Ambroise Bazi\u00e9.<\/p>\n<p>Les invit\u00e9s sp\u00e9ciaux d\u2019honneur et sp\u00e9ciaux ont \u00e9galement f\u00e9licit\u00e9 les organisateurs pour s\u2019\u00eatre investis dans la r\u00e9ussite de cette journ\u00e9e d\u2019excellence. \u00ab\u00a0En choisissant de soutenir vos petits fr\u00e8res \u00e0 l\u2019\u00e9cole, vous faites \u0153uvre utile. L\u2019\u00e9ducation est un pilier incontournable dans le d\u00e9veloppement de nos villages et partant de notre pays\u00a0\u00bb, a laiss\u00e9 entendre l\u2019invit\u00e9 d\u2019honneur, Mathieu Bayala, inspecteur des douanes.<\/p>\n<p>Le vice-pr\u00e9sident de l\u2019association AKDY, Dr L\u00e9opold Badolo, a remerci\u00e9 toutes les bonnes volont\u00e9s qui se sont mobilis\u00e9es pour faire de la 1<sup>re<\/sup> \u00e9dition de la journ\u00e9e d\u2019excellence une r\u00e9alit\u00e9. Il a traduit sa gratitude aux parrains et aux invit\u00e9s pour le soutien apport\u00e9 \u00e0 l\u2019initiative. <em>\u00ab\u00a0Dieu et nos anc\u00eatres fondateurs de Yamadio ont b\u00e9ni les multiples et discrets efforts de tous. Que chaque fille et fils de Yamadio soit b\u00e9ni. Que tous ceux qui nous ont accompagn\u00e9 soient b\u00e9nis. Nous tirerons les le\u00e7ons de cette exp\u00e9rience pour \u00eatre plus forts \u00e0 la prochaine \u00e9dition. Merci encore \u00e0 tous et \u00e0 toutes\u00a0\u00bb<\/em>, a-t-il t\u00e9moign\u00e9.<\/p>\n<p><strong>Karim BADOLO<\/strong><\/p>\n<p>L\u2019article <a rel=\"nofollow\" href=\"https:\/\/www.sidwaya.info\/blog\/2021\/10\/04\/journee-dexcellence-scolaire-a-yamadio-le-merite-des-eleves-et-enseignants-recompense\/\">Journ\u00e9e d\u2019excellence scolaire \u00e0 Yamadio: Le m\u00e9rite des \u00e9l\u00e8ves et enseignants r\u00e9compens\u00e9<\/a> est apparu en premier sur <a rel=\"nofollow\" href=\"https:\/\/www.sidwaya.info\/\">Quotidien Sidwaya<\/a>.<\/p>\n<\/div>\n<p>Auteur: BS. Sidwaya<br \/>\n<a href=\"https:\/\/www.sidwaya.info\/blog\/2021\/10\/04\/journee-dexcellence-scolaire-a-yamadio-le-merite-des-eleves-et-enseignants-recompense\/\">Cliquez ici pour lire l&rsquo;article depuis sa source.<\/a><\/p>\n","protected":false},"excerpt":{"rendered":"<p>L\u2019Association K\u00f4r\u00f4to pour le D\u00e9veloppement de Yamadio (AKDY) a organis\u00e9 la premi\u00e8re \u00e9dition de la journ\u00e9e d\u2019excellence des \u00e9coles primaires de ladite localit\u00e9, dans la commune rurale de Didyr, le samedi 2 octobre 2021. Dans la dynamique de soutenir et encourager l\u2019\u00e9ducation des enfants, l\u2019Association K\u00f4r\u00f4to pour le D\u00e9veloppement de Yamadio (AKDY) a d\u00e9cid\u00e9 de [&hellip;]<\/p>\n","protected":false},"author":1816,"featured_media":0,"comment_status":"closed","ping_status":"closed","sticky":false,"template":"","format":"standard","meta":{"fifu_image_url":"https:\/\/www.sidwaya.info\/wp-content\/uploads\/2021\/10\/1.jpeg","fifu_image_alt":"Journ\u00e9e d\u2019excellence scolaire \u00e0 Yamadio: Le m\u00e9rite des \u00e9l\u00e8ves et enseignants r\u00e9compens\u00e9","footnotes":""},"categories":[73,81],"tags":[],"class_list":["post-129011","post","type-post","status-publish","format-standard","hentry","category-actualite","category-burkina-faso"],"_links":{"self":[{"href":"https:\/\/linitiative.ca\/International\/wp-json\/wp\/v2\/posts\/129011","targetHints":{"allow":["GET"]}}],"collection":[{"href":"https:\/\/linitiative.ca\/International\/wp-json\/wp\/v2\/posts"}],"about":[{"href":"https:\/\/linitiative.ca\/International\/wp-json\/wp\/v2\/types\/post"}],"author":[{"embeddable":true,"href":"https:\/\/linitiative.ca\/International\/wp-json\/wp\/v2\/users\/1816"}],"replies":[{"embeddable":true,"href":"https:\/\/linitiative.ca\/International\/wp-json\/wp\/v2\/comments?post=129011"}],"version-history":[{"count":0,"href":"https:\/\/linitiative.ca\/International\/wp-json\/wp\/v2\/posts\/129011\/revisions"}],"wp:attachment":[{"href":"https:\/\/linitiative.ca\/International\/wp-json\/wp\/v2\/media?parent=129011"}],"wp:term":[{"taxonomy":"category","embeddable":true,"href":"https:\/\/linitiative.ca\/International\/wp-json\/wp\/v2\/categories?post=129011"},{"taxonomy":"post_tag","embeddable":true,"href":"https:\/\/linitiative.ca\/International\/wp-json\/wp\/v2\/tags?post=129011"}],"curies":[{"name":"wp","href":"https:\/\/api.w.org\/{rel}","templated":true}]}}