{"id":129016,"date":"2021-10-04T11:13:13","date_gmt":"2021-10-04T15:13:13","guid":{"rendered":"https:\/\/linitiative.ca\/International\/centre-nord-le-bilan-de-lattaque-de-yirgou-salourdit-a-12-militaires-tombes\/"},"modified":"2021-10-04T11:13:13","modified_gmt":"2021-10-04T15:13:13","slug":"centre-nord-le-bilan-de-lattaque-de-yirgou-salourdit-a-12-militaires-tombes","status":"publish","type":"post","link":"https:\/\/linitiative.ca\/International\/centre-nord-le-bilan-de-lattaque-de-yirgou-salourdit-a-12-militaires-tombes\/","title":{"rendered":"Centre-Nord\u00a0: le bilan de l\u2019attaque de Yirgou s\u2019alourdit \u00e0 12 militaires tomb\u00e9s"},"content":{"rendered":"<div>\n<p>Le bilan actualis\u00e9 de l\u2019attaque du d\u00e9tachement militaire de Yirgou (commune Barsalogho province de Sanmatenga) qui s\u2019est produite ce matin est pass\u00e9 \u00e0 12 militaires tomb\u00e9s et de 5 bless\u00e9s dont 1 grave, tous \u00e9vacu\u00e9s \u00e0 Foub\u00e9 pour des soins.<\/p>\n<p>Au niveau mat\u00e9riel, on note que 04 pick-up et une ambulance ont \u00e9t\u00e9 emport\u00e9s, 1 blind\u00e9 Cobra incendi\u00e9. On apprend avec la RTB, que des dispositions d\u2019urgence et de riposte ont \u00e9t\u00e9 prises et d\u2019autres informations viendront pr\u00e9ciser au besoin l\u2019\u00e9volution de la situation.<\/p>\n<p>\u00a0<\/p>\n<p><strong>\u00a0 \u00a0 \u00a0 \u00a0 \u00a0 \u00a0 \u00a0 \u00a0 \u00a0 \u00a0 \u00a0 \u00a0 \u00a0 \u00a0 \u00a0 \u00a0 \u00a0 \u00a0 \u00a0 \u00a0 \u00a0 \u00a0 \u00a0 \u00a0 \u00a0 \u00a0 \u00a0 \u00a0 \u00a0 \u00a0 \u00a0 \u00a0 \u00a0 \u00a0 \u00a0 \u00a0 \u00a0 \u00a0 \u00a0 \u00a0 \u00a0 \u00a0 \u00a0 \u00a0 \u00a0 \u00a0 \u00a0 \u00a0 \u00a0 \u00a0 \u00a0 \u00a0 \u00a0 \u00a0 \u00a0La R\u00e9daction<\/strong><\/p>\n<p>\u00a0<\/p>\n<p>\u00a0<\/p>\n<p>L\u2019article <a rel=\"nofollow\" href=\"https:\/\/www.sidwaya.info\/blog\/2021\/10\/04\/centre-nord-le-bilan-de-lattaque-de-yirgou-salourdit-a-12-militaires-tombes\/\">Centre-Nord\u00a0: le bilan de l\u2019attaque de Yirgou s\u2019alourdit \u00e0 12 militaires tomb\u00e9s<\/a> est apparu en premier sur <a rel=\"nofollow\" href=\"https:\/\/www.sidwaya.info\/\">Quotidien Sidwaya<\/a>.<\/p>\n<\/div>\n<p>Auteur: Wamini SIDWAYA<br \/>\n<a href=\"https:\/\/www.sidwaya.info\/blog\/2021\/10\/04\/centre-nord-le-bilan-de-lattaque-de-yirgou-salourdit-a-12-militaires-tombes\/\">Cliquez ici pour lire l&rsquo;article depuis sa source.<\/a><\/p>\n","protected":false},"excerpt":{"rendered":"<p>Le bilan actualis\u00e9 de l\u2019attaque du d\u00e9tachement militaire de Yirgou (commune Barsalogho province de Sanmatenga) qui s\u2019est produite ce matin est pass\u00e9 \u00e0 12 militaires tomb\u00e9s et de 5 bless\u00e9s dont 1 grave, tous \u00e9vacu\u00e9s \u00e0 Foub\u00e9 pour des soins. Au niveau mat\u00e9riel, on note que 04 pick-up et une ambulance ont \u00e9t\u00e9 emport\u00e9s, 1 [&hellip;]<\/p>\n","protected":false},"author":1816,"featured_media":0,"comment_status":"closed","ping_status":"closed","sticky":false,"template":"","format":"standard","meta":{"fifu_image_url":"","fifu_image_alt":"","footnotes":""},"categories":[73,81],"tags":[],"class_list":["post-129016","post","type-post","status-publish","format-standard","hentry","category-actualite","category-burkina-faso"],"_links":{"self":[{"href":"https:\/\/linitiative.ca\/International\/wp-json\/wp\/v2\/posts\/129016","targetHints":{"allow":["GET"]}}],"collection":[{"href":"https:\/\/linitiative.ca\/International\/wp-json\/wp\/v2\/posts"}],"about":[{"href":"https:\/\/linitiative.ca\/International\/wp-json\/wp\/v2\/types\/post"}],"author":[{"embeddable":true,"href":"https:\/\/linitiative.ca\/International\/wp-json\/wp\/v2\/users\/1816"}],"replies":[{"embeddable":true,"href":"https:\/\/linitiative.ca\/International\/wp-json\/wp\/v2\/comments?post=129016"}],"version-history":[{"count":0,"href":"https:\/\/linitiative.ca\/International\/wp-json\/wp\/v2\/posts\/129016\/revisions"}],"wp:attachment":[{"href":"https:\/\/linitiative.ca\/International\/wp-json\/wp\/v2\/media?parent=129016"}],"wp:term":[{"taxonomy":"category","embeddable":true,"href":"https:\/\/linitiative.ca\/International\/wp-json\/wp\/v2\/categories?post=129016"},{"taxonomy":"post_tag","embeddable":true,"href":"https:\/\/linitiative.ca\/International\/wp-json\/wp\/v2\/tags?post=129016"}],"curies":[{"name":"wp","href":"https:\/\/api.w.org\/{rel}","templated":true}]}}