{"id":12902,"date":"2019-02-10T15:47:55","date_gmt":"2019-02-10T20:47:55","guid":{"rendered":"https:\/\/linitiative.ca\/International\/changement-de-tactique\/"},"modified":"2019-02-10T15:47:55","modified_gmt":"2019-02-10T20:47:55","slug":"changement-de-tactique","status":"publish","type":"post","link":"https:\/\/linitiative.ca\/International\/changement-de-tactique\/","title":{"rendered":"Changement de tactique"},"content":{"rendered":"<div class=\"td-post-featured-image\"><a href=\"https:\/\/i2.wp.com\/www.sidwaya.info\/wp-content\/uploads\/2019\/02\/1-12.jpg?fit=837%2C637&#038;ssl=1\" data-caption=\"\"><img loading=\"lazy\" decoding=\"async\" width=\"696\" height=\"530\" class=\"entry-thumb td-modal-image\" src=\"https:\/\/i2.wp.com\/www.sidwaya.info\/wp-content\/uploads\/2019\/02\/1-12.jpg?resize=696%2C530&#038;ssl=1\" srcset=\"https:\/\/i2.wp.com\/www.sidwaya.info\/wp-content\/uploads\/2019\/02\/1-12.jpg?w=837&#038;ssl=1 837w, https:\/\/i2.wp.com\/www.sidwaya.info\/wp-content\/uploads\/2019\/02\/1-12.jpg?resize=300%2C228&#038;ssl=1 300w, https:\/\/i2.wp.com\/www.sidwaya.info\/wp-content\/uploads\/2019\/02\/1-12.jpg?resize=768%2C584&#038;ssl=1 768w, https:\/\/i2.wp.com\/www.sidwaya.info\/wp-content\/uploads\/2019\/02\/1-12.jpg?resize=80%2C60&#038;ssl=1 80w, https:\/\/i2.wp.com\/www.sidwaya.info\/wp-content\/uploads\/2019\/02\/1-12.jpg?resize=696%2C530&#038;ssl=1 696w, https:\/\/i2.wp.com\/www.sidwaya.info\/wp-content\/uploads\/2019\/02\/1-12.jpg?resize=552%2C420&#038;ssl=1 552w\" sizes=\"auto, (max-width: 696px) 100vw, 696px\" alt=\"\" title=\"1\"\/><\/a><\/div>\n<p>Dans sa derni\u00e8re \u00e9tude sur le terrorisme, l\u2019institut Free Afrik a relev\u00e9 que le Burkina Faso a enregistr\u00e9 60 attaques en 2016, 110 en 2017 et plus de 130 attaques en 2018. Les pertes particuli\u00e8rement lourdes en vies humaines, rien que pour les huit premiers mois de 2018, s\u2019\u00e9levaient \u00e0 69 victimes. Cette comptabilit\u00e9 macabre qui a cours depuis janvier 2016 et les nombreux morts civils et militaires burkinab\u00e8 enregistr\u00e9s, dans la guerre atroce et sans visage que nous imposent les\u00a0 terroristes avaient fini par saper le moral de la troupe et pire, cr\u00e9er la psychose au sein de la population qui avait de moins en moins confiance en nos Forces de d\u00e9fense et de s\u00e9curit\u00e9 (FDS).<\/p>\n<p>Au point que certains en \u00e9taient arriv\u00e9s \u00e0 demander la d\u00e9mission\u00a0 d\u2019un r\u00e9gime pourtant l\u00e9galement \u00e9lu il y a trois ans. Beaucoup ont-ils d\u00e9j\u00e0 oubli\u00e9 que l\u2019insurrection ainsi que les p\u00e9rip\u00e9ties qui l\u2019ont caract\u00e9ris\u00e9e avaient contribu\u00e9 \u00e0 \u201cd\u00e9capiter \u201d le syst\u00e8me de renseignements burkinab\u00e8 et \u00e0 op\u00e9rer une c\u00e9sure entre fr\u00e8res d\u2019armes\u00a0? Toute chose qui hypoth\u00e8que le combat contre le terrorisme.\u00a0 Les r\u00e9cents changements op\u00e9r\u00e9s au niveau des minist\u00e8res en charge de la d\u00e9fense et de la S\u00e9curit\u00e9, au sein du commandement des forces arm\u00e9es nationales, vont certainement changer la donne. Ce, avec une nouvelle strat\u00e9gie militaire mise en place par le nouveau patron des forces arm\u00e9es nationales.\u00a0 Pour ceux qui l\u2019auraient oubli\u00e9, Ch\u00e9riff Sy est un progressiste qui s\u2019est \u201cnourri\u201d tout le long de sa vie militante, des th\u00e8ses militaires mao\u00efstes et du g\u00e9n\u00e9ral Giap principalement. L\u2019ancien pr\u00e9sident du parlement de Transition, figure marquante de la r\u00e9sistance victorieuse au coup d\u2019Etat du 16 septembre 2015, sait mieux que quiconque qu\u2019actuellement, le pouvoir se trouve au bout du fusil, et que la meilleure d\u00e9fense, c\u2019est l\u2019attaque.<\/p>\n<p>C\u2019est vrai que la strat\u00e9gie nouvelle peut entra\u00eener des d\u00e9g\u00e2ts collat\u00e9raux, mais elle a l\u2019avantage d\u2019\u00e9quilibrer la terreur. Et surtout d\u2019envoyer un signal fort aux terroristes qui pourraient r\u00e9fl\u00e9chir par deux fois avant d\u2019entreprendre l\u2019aller simple vers les cibles en territoire burkinab\u00e8, mais aussi aux populations qui ne savaient pas \u00e0 quelle arm\u00e9e se vouer. Dor\u00e9navant, ce sera \u0153il pour \u0153il, dent pour dent et les \u201ccollabos\u201d de tous bords devront se le tenir pour dit.\u00a0 La lutte sera \u00e2pre et longue mais la victoire est certaine avec cette ferme r\u00e9solution. Dans son message \u00e0 la Nation, le chef de l\u2019Etat, Roch Marc Christian Kabor\u00e9, n\u2019avait-il pas indiqu\u00e9\u00a0: \u00abCela nous impose un engagement collectif sans faille et des sacrifices \u00e0 consentir \u00e0 tous les niveaux pour notre devenir commun\u00bb\u00a0?<\/p>\n<p>Un devenir commun, faut-il le rappeler, r\u00e9cemment mis \u00e0 rude \u00e9preuve \u00e0 la suite de regrettables affrontements \u00e0 caract\u00e8re communautaire attis\u00e9s par des attaques devenues quasi-quotidiennes. Un r\u00e9armement moral des Burkinab\u00e8 s\u2019impose. En effet, toute coh\u00e9sion collective exige des repr\u00e9sentations, des r\u00e9f\u00e9rences, un \u00ab imaginaire commun\u00a0\u00bb et des valeurs de pacifisme, de tol\u00e9rance et de patriotisme qui sont des constructions de tous les jours. Et comme les balises de la r\u00e9conciliation sont pos\u00e9es progressivement, nul doute que le Faso sortira de ce gu\u00eapier pour poursuivre sa marche radieuse vers le progr\u00e8s.<\/p>\n<p class=\"c1\"><strong>Par Mahamadi TIEGNA<\/strong><br \/><strong>mahamaditiegna@yahoo.fr<\/strong><\/p>\n<div class=\"td-a-rec td-a-rec-id-content_bottom td_uid_21_5c60a946df8b6_rand td_block_template_1\"><img loading=\"lazy\" decoding=\"async\" class=\"alignright size-full wp-image-1724\" src=\"https:\/\/www.sidwaya.info\/wp-content\/uploads\/2018\/12\/sidwaya-pub.jpg\" alt=\"\" width=\"720\" height=\"90\"\/><\/div>\n","protected":false},"excerpt":{"rendered":"<p>Dans sa derni\u00e8re \u00e9tude sur le terrorisme, l\u2019institut Free Afrik a relev\u00e9 que le Burkina Faso a enregistr\u00e9 60 attaques en 2016, 110 en 2017 et plus de 130 attaques en 2018. Les pertes particuli\u00e8rement lourdes en vies humaines, rien que pour les huit premiers mois de 2018, s\u2019\u00e9levaient \u00e0 69 victimes. Cette comptabilit\u00e9 macabre [&hellip;]<\/p>\n","protected":false},"author":1816,"featured_media":0,"comment_status":"closed","ping_status":"closed","sticky":false,"template":"","format":"standard","meta":{"fifu_image_url":"","fifu_image_alt":"","footnotes":""},"categories":[73,81],"tags":[],"class_list":["post-12902","post","type-post","status-publish","format-standard","hentry","category-actualite","category-burkina-faso"],"_links":{"self":[{"href":"https:\/\/linitiative.ca\/International\/wp-json\/wp\/v2\/posts\/12902","targetHints":{"allow":["GET"]}}],"collection":[{"href":"https:\/\/linitiative.ca\/International\/wp-json\/wp\/v2\/posts"}],"about":[{"href":"https:\/\/linitiative.ca\/International\/wp-json\/wp\/v2\/types\/post"}],"author":[{"embeddable":true,"href":"https:\/\/linitiative.ca\/International\/wp-json\/wp\/v2\/users\/1816"}],"replies":[{"embeddable":true,"href":"https:\/\/linitiative.ca\/International\/wp-json\/wp\/v2\/comments?post=12902"}],"version-history":[{"count":0,"href":"https:\/\/linitiative.ca\/International\/wp-json\/wp\/v2\/posts\/12902\/revisions"}],"wp:attachment":[{"href":"https:\/\/linitiative.ca\/International\/wp-json\/wp\/v2\/media?parent=12902"}],"wp:term":[{"taxonomy":"category","embeddable":true,"href":"https:\/\/linitiative.ca\/International\/wp-json\/wp\/v2\/categories?post=12902"},{"taxonomy":"post_tag","embeddable":true,"href":"https:\/\/linitiative.ca\/International\/wp-json\/wp\/v2\/tags?post=12902"}],"curies":[{"name":"wp","href":"https:\/\/api.w.org\/{rel}","templated":true}]}}