{"id":129022,"date":"2021-10-04T12:18:01","date_gmt":"2021-10-04T16:18:01","guid":{"rendered":"https:\/\/linitiative.ca\/International\/le-groupe-bollore-a-tenu-son-sixieme-marathon\/"},"modified":"2021-10-04T12:18:01","modified_gmt":"2021-10-04T16:18:01","slug":"le-groupe-bollore-a-tenu-son-sixieme-marathon","status":"publish","type":"post","link":"https:\/\/linitiative.ca\/International\/le-groupe-bollore-a-tenu-son-sixieme-marathon\/","title":{"rendered":"Le Groupe Bollor\u00e9 a tenu son sixi\u00e8me marathon"},"content":{"rendered":"<div>\n<p><img loading=\"lazy\" decoding=\"async\" width=\"1635\" height=\"915\" src=\"https:\/\/linitiative.ca\/International\/wp-content\/uploads\/sites\/23\/2021\/10\/16333642818492.jpg\" class=\"attachment-post-thumbnail size-post-thumbnail wp-post-image\" alt=\"\" srcset=\"https:\/\/linitiative.ca\/International\/wp-content\/uploads\/sites\/23\/2021\/10\/16333642818492.jpg 1635w, https:\/\/www.journalducameroun.com\/wp-content\/uploads\/2021\/10\/16333642818492-300x168.jpg 300w, https:\/\/www.journalducameroun.com\/wp-content\/uploads\/2021\/10\/16333642818492-768x430.jpg 768w, https:\/\/www.journalducameroun.com\/wp-content\/uploads\/2021\/10\/16333642818492-1024x573.jpg 1024w, https:\/\/www.journalducameroun.com\/wp-content\/uploads\/2021\/10\/16333642818492-160x90.jpg 160w, https:\/\/www.journalducameroun.com\/wp-content\/uploads\/2021\/10\/16333642818492-240x135.jpg 240w, https:\/\/www.journalducameroun.com\/wp-content\/uploads\/2021\/10\/16333642818492-786x440.jpg 786w, https:\/\/www.journalducameroun.com\/wp-content\/uploads\/2021\/10\/16333642818492-600x336.jpg 600w\" sizes=\"auto, (max-width: 1635px) 100vw, 1635px\"><\/p>\n<p>Le Marathon Day s&rsquo;est d\u00e9roul\u00e9 cette ann\u00e9e du 23 au 30 septembre dans un format \u00e0 la fois digital et physique.Les collaborateurs de l&rsquo;entreprise dans le monde entier se sont rassembl\u00e9s avec un m\u00eame objectif : parcourir le plus grand nombre de kilom\u00e8tres en marchant, courant, en p\u00e9dalant ou en dansant.<\/p>\n<p>Au final, rapporte un communiqu\u00e9 du Groupe Bollor\u00e9, 12.267 participants issus de 91 pays ont relev\u00e9 le d\u00e9fi aux quatre coins du globe et ont parcouru tous ensemble 334.357 kilom\u00e8tres.<\/p>\n<p>Cette ann\u00e9e encore, des dons ont \u00e9t\u00e9 remis \u00e0 des associations de soutien \u00e0 la jeunesse et aux populations vuln\u00e9rables dans les pays ayant r\u00e9ussi \u00e0 mobiliser le plus grand nombre de participants au prorata de leurs effectifs. En 2020, la mobilisation des collaborateurs avait permis de soutenir dix projets d&rsquo;associations locales dans les domaines de l&rsquo;\u00e9ducation et de l&rsquo;autonomisation de la jeunesse.<\/p>\n<p>\u00ab Le Marathon Day est devenu au fil des ans, un v\u00e9ritable rendez-vous pour nos collaborateurs du monde entier. Malgr\u00e9 les contraintes li\u00e9es \u00e0 la situation sanitaire dans nos diff\u00e9rents pays d&rsquo;implantation, nous avons souhait\u00e9 maintenir notre course solidaire. En digitalisant l&rsquo;exp\u00e9rience, nous avons r\u00e9unis plus de 12 000 collaborateurs, dans 91 pays pour parcourir ensemble 334 357 kilom\u00e8tres. Je suis fier de cet engagement massif qui refl\u00e8te leur g\u00e9n\u00e9rosit\u00e9 et fait \u00e9cho \u00e0 nos valeurs\u00a0\u00bb, a d\u00e9clar\u00e9\u0301 Cyrille Bollor\u00e9\u0301, Pr\u00e9sident-directeur g\u00e9n\u00e9ral du Groupe Bollor\u00e9.<\/p>\n<p>Cr\u00e9\u00e9 en 2016 \u00e0 l&rsquo;initiative de Cyrille Bollor\u00e9, le Marathon Day r\u00e9unit chaque ann\u00e9e au mois de septembre l&rsquo;ensemble des collaborateurs du Groupe Bollor\u00e9 \u00e0 travers le monde.<\/p>\n<p>Cet article <a rel=\"nofollow\" href=\"https:\/\/www.journalducameroun.com\/le-groupe-bollore-a-tenu-son-sixieme-marathon\/\">Le Groupe Bollor\u00e9 a tenu son sixi\u00e8me marathon<\/a> est apparu en premier sur <a rel=\"nofollow\" href=\"https:\/\/www.journalducameroun.com\/\">Journal du Cameroun<\/a>.<\/p>\n<\/div>\n<p>Auteur: APA News<br \/>\n<a href=\"https:\/\/www.journalducameroun.com\/le-groupe-bollore-a-tenu-son-sixieme-marathon\/\">Cliquez ici pour lire l&rsquo;article depuis sa source.<\/a><\/p>\n","protected":false},"excerpt":{"rendered":"<p>Le Marathon Day s&rsquo;est d\u00e9roul\u00e9 cette ann\u00e9e du 23 au 30 septembre dans un format \u00e0 la fois digital et physique.Les collaborateurs de l&rsquo;entreprise dans le monde entier se sont rassembl\u00e9s avec un m\u00eame objectif : parcourir le plus grand nombre de kilom\u00e8tres en marchant, courant, en p\u00e9dalant ou en dansant. Au final, rapporte un [&hellip;]<\/p>\n","protected":false},"author":1965,"featured_media":0,"comment_status":"closed","ping_status":"closed","sticky":false,"template":"","format":"standard","meta":{"fifu_image_url":"https:\/\/www.journalducameroun.com\/wp-content\/uploads\/2021\/10\/16333642818492.jpg","fifu_image_alt":"Le Groupe Bollor\u00e9 a tenu son sixi\u00e8me marathon","footnotes":""},"categories":[73,82],"tags":[],"class_list":["post-129022","post","type-post","status-publish","format-standard","hentry","category-actualite","category-cameroun"],"_links":{"self":[{"href":"https:\/\/linitiative.ca\/International\/wp-json\/wp\/v2\/posts\/129022","targetHints":{"allow":["GET"]}}],"collection":[{"href":"https:\/\/linitiative.ca\/International\/wp-json\/wp\/v2\/posts"}],"about":[{"href":"https:\/\/linitiative.ca\/International\/wp-json\/wp\/v2\/types\/post"}],"author":[{"embeddable":true,"href":"https:\/\/linitiative.ca\/International\/wp-json\/wp\/v2\/users\/1965"}],"replies":[{"embeddable":true,"href":"https:\/\/linitiative.ca\/International\/wp-json\/wp\/v2\/comments?post=129022"}],"version-history":[{"count":0,"href":"https:\/\/linitiative.ca\/International\/wp-json\/wp\/v2\/posts\/129022\/revisions"}],"wp:attachment":[{"href":"https:\/\/linitiative.ca\/International\/wp-json\/wp\/v2\/media?parent=129022"}],"wp:term":[{"taxonomy":"category","embeddable":true,"href":"https:\/\/linitiative.ca\/International\/wp-json\/wp\/v2\/categories?post=129022"},{"taxonomy":"post_tag","embeddable":true,"href":"https:\/\/linitiative.ca\/International\/wp-json\/wp\/v2\/tags?post=129022"}],"curies":[{"name":"wp","href":"https:\/\/api.w.org\/{rel}","templated":true}]}}