{"id":129024,"date":"2021-10-04T12:29:58","date_gmt":"2021-10-04T16:29:58","guid":{"rendered":"https:\/\/linitiative.ca\/International\/relance-post-covid-19-le-gicam-plaide-pour-une-reallocation-des-appuis-aux-secteurs-strategiques\/"},"modified":"2021-10-04T12:29:58","modified_gmt":"2021-10-04T16:29:58","slug":"relance-post-covid-19-le-gicam-plaide-pour-une-reallocation-des-appuis-aux-secteurs-strategiques","status":"publish","type":"post","link":"https:\/\/linitiative.ca\/International\/relance-post-covid-19-le-gicam-plaide-pour-une-reallocation-des-appuis-aux-secteurs-strategiques\/","title":{"rendered":"Relance post Covid-19: le Gicam plaide pour une r\u00e9allocation des appuis aux secteurs strat\u00e9giques"},"content":{"rendered":"<div>\n<p><img loading=\"lazy\" decoding=\"async\" width=\"1000\" height=\"500\" src=\"https:\/\/linitiative.ca\/International\/wp-content\/uploads\/sites\/23\/2021\/10\/mincommerce-web_1000x500_20211001180838.jpg\" class=\"attachment-post-thumbnail size-post-thumbnail wp-post-image\" alt=\"\" srcset=\"https:\/\/linitiative.ca\/International\/wp-content\/uploads\/sites\/23\/2021\/10\/mincommerce-web_1000x500_20211001180838.jpg 1000w, https:\/\/www.journalducameroun.com\/wp-content\/uploads\/2021\/10\/mincommerce-web_1000x500_20211001180838-300x150.jpg 300w, https:\/\/www.journalducameroun.com\/wp-content\/uploads\/2021\/10\/mincommerce-web_1000x500_20211001180838-768x384.jpg 768w, https:\/\/www.journalducameroun.com\/wp-content\/uploads\/2021\/10\/mincommerce-web_1000x500_20211001180838-880x440.jpg 880w, https:\/\/www.journalducameroun.com\/wp-content\/uploads\/2021\/10\/mincommerce-web_1000x500_20211001180838-600x300.jpg 600w\" sizes=\"auto, (max-width: 1000px) 100vw, 1000px\"><\/p>\n<h5 style=\"text-align: justify;\">Le ministre du Commerce Luc Magloire MBARGA ATANGANA, a \u00e9t\u00e9 re\u00e7u au si\u00e8ge du Groupement Inter-patronal du Cameroun (GICAM) le 1er Octobre.<\/h5>\n<p style=\"text-align: justify;\">\n<p style=\"text-align: justify;\">\n<p style=\"text-align: justify;\">\n<p style=\"text-align: justify;\">La rencontre intervenait dans un contexte de crise post COVID-19, caract\u00e9ris\u00e9e par la flamb\u00e9e historique des prix des mati\u00e8res premi\u00e8res et du co\u00fbt du fret maritime ; sujet au centre des \u00e9changes avec la centaine de Chefs d\u2019Entreprises pr\u00e9sents ainsi que les repr\u00e9sentants des associations de d\u00e9fense des int\u00e9r\u00eats des consommateurs.<\/p>\n<p style=\"text-align: justify;\">L\u2019expos\u00e9 du Pr\u00e9sident du GICAM, C\u00e9lestin TAWAMBA a mis en exergue l\u2019origine, principalement import\u00e9e, de la hausse des co\u00fbts de production sans pr\u00e9c\u00e9dent dans les Entreprises. Les prix des mati\u00e8res premi\u00e8res et du fret maritime affichent les niveaux les plus \u00e9lev\u00e9s de ces 20 derni\u00e8res ann\u00e9es. L\u2019augmentation des prix des mati\u00e8res premi\u00e8res atteint les 200% pour certains produits. Les prix du fret maritime, \u00e0 destination de l\u2019Afrique, connaissent une hausse, oscillants entre 250 \u00e0 400%, suivant l\u2019origine.<\/p>\n<p style=\"text-align: justify;\">Les explications de cette situation in\u00e9dite se retrouve dans l\u2019ampleur historique des plans de relance post-COVID dans les principales \u00e9conomies du monde (d\u2019un montant cumul\u00e9 de plus de 10 000 milliards de dollars) et dont la hausse de la demande induite n\u2019a pus \u00eatre satisfaite du fait de l\u2019offre limit\u00e9e. \u00c9galement, les restrictions \u00e0 l\u2019exportation pratiqu\u00e9es par certains pays producteurs, la persistance des restrictions sanitaires et la baisse de la production du fait des al\u00e9as climatiques notamment, justifient la faiblesse de l\u2019offre mondiale.<\/p>\n<p style=\"text-align: justify;\">\u00c0 ces causes import\u00e9es, s\u2019ajoutent des causes internes, notamment l\u2019introduction de nouvelles taxes, l\u2019accroissement des co\u00fbts de passage portuaire, toutes choses qui s\u2019additionnent \u00e0 des contraintes structurelles auxquelles sont d\u00e9j\u00e0 confront\u00e9es les Entreprises, en l\u2019occurrence le d\u00e9ficit \u00e9nerg\u00e9tique et la fiscalit\u00e9 de plus en plus pesante.<\/p>\n<p style=\"text-align: justify;\">La hausse des co\u00fbts de production dans les Entreprises \u00e0 l\u2019heure actuelle oscille entre 15 et 50% suivant les secteurs. La comp\u00e9titivit\u00e9 voire la survie des entreprises est donc en jeu tout comme les risques sur les emplois sont r\u00e9els.<\/p>\n<p style=\"text-align: justify;\">Fort de ce diagnostic, par ailleurs partag\u00e9 par les Associations de consommateurs, les Entreprises, ont formul\u00e9 \u00e0 l\u2019endroit du membre du Gouvernement des propositions de mesures envisageables \u00e0 savoir l&rsquo;ajustement limit\u00e9e des prix de vente, les subventions ponctuelles, les all\u00e8gements fiscaux (taux de TVA r\u00e9duit ou nul, all\u00e8gement\/suspension de l\u2019acompte sur certains secteurs, suspensions de contr\u00f4les, \u2026) ; la suspension des taxes parafiscales, la suspension de certaines taxes portuaires ; la r\u00e9allocation des appuis COVID aux secteurs strat\u00e9giques et la r\u00e9activation et\/ou maintien en 2022 de mesures exceptionnelles instaur\u00e9es en 2021.<\/p>\n<p style=\"text-align: justify;\">De fa\u00e7on structurelle il est question de promouvoir la production locale ainsi que l\u2019\u00e9conomie circulaire \u00e0 travers notamment les transactions interentreprises afin de r\u00e9duire la d\u00e9pendance aux importations, principalement dans les secteurs pour lesquelles une production locale est envisageable.<\/p>\n<div style=\"text-align: justify;\">\u00c0 la suite des Entreprises, Monsieur le Ministre dans sa prise de parole \u00e0 reconnu la gravit\u00e9 de la crise \u00e0 laquelle doivent faire face les Entreprises et dont l\u2019une des causes se trouve \u00e9galement dans l\u2019exercice des pratiques contraires aux r\u00e8gles du commerce international dans certains pays (notamment la constitution de stock de s\u00e9curit\u00e9 largement sup\u00e9rieurs aux besoins de ces pays). Le Ministre a \u00e9galement reconnu le caract\u00e8re r\u00e9silient et citoyen des Entreprises qui ont clairement marqu\u00e9 leur r\u00e9ticence \u00e0 r\u00e9percuter m\u00e9caniquement l\u2019augmentation des co\u00fbts de production sur le consommateur final.<\/div>\n<div style=\"text-align: justify;\"><\/div>\n<div style=\"text-align: justify;\">\n<div dir=\"ltr\"><strong>Appel \u00e0 \u00a0\u00bb l&rsquo;Union sacr\u00e9e\u00a0\u00bb<\/strong><\/div>\n<\/div>\n<div dir=\"ltr\" style=\"text-align: justify;\">\n<p>S\u2019agissant des mesures \u00e0 envisager, elles doivent se situer aussi bien \u00e0 moyen long terme, qu\u2019\u00e0 court terme.\u00a0Dans le moyen\/long terme, le ministre insiste sur la n\u00e9cessit\u00e9 de d\u00e9noncer et adresser les pratiques anticoncurrentielles tant nationales qu\u2019internationales. \u00c0 ce sujet il invite vivement les Entreprises et la soci\u00e9t\u00e9 civile dans son ensemble \u00e0 faire entendre sa voix aupr\u00e8s des Instances internationales dans la suite de la d\u00e9marche des pouvoirs publics aupr\u00e8s de l\u2019OMC. \u00c0 \u00e9ch\u00e9ance plus courte, notamment \u00e0 l\u2019horizon du premier trimestre 2022, le ministre pr\u00f4ne une approche sectorielle des solutions \u00e0 envisager. Aussi il invite les Entreprises des diff\u00e9rents secteurs \u00e0 adresser dans les d\u00e9lais les plus brefs leurs propositions via le GICAM, qui seront examin\u00e9es et soumises \u00e0 l\u2019appr\u00e9ciation du Chef de l\u2019Etat.<\/p>\n<p>Au terme des \u00e9changes, les parties retiennent les mesures d\u2019accompagnement, formul\u00e9es par secteurs devront \u00eatre discuter \u00e0 br\u00e8ve \u00e9ch\u00e9ance dans un cadre de dialogue serr\u00e9; l\u2019urgence des mesures d\u2019accompagnement \u00e0 prendre.\u00a0 Il s\u2019agit notamment de s\u2019assurer que les dispositions de la loi des finances 2022 en pr\u00e9paration tiennent pleinement compte de la situation de crise que vivent les Entreprises et du besoin d\u2019accompagnement, notamment fiscal de celles-ci; la n\u00e9cessit\u00e9, dans le cadre du dialogue public-priv\u00e9, d\u2019un changement du paradigme fiscal afin de faire de la fiscalit\u00e9 un v\u00e9ritable outil de d\u2019accompagnement au d\u00e9veloppement .<\/p>\n<div>\n<div>La conviction est celle de la n\u00e9cessit\u00e9 d\u2019une\u00a0<b>Union sacr\u00e9e<\/b>\u00a0entre tous les acteurs (Etats, Entreprises, Consommateurs). Pour y parvenir, un triptyque \u00e9nonc\u00e9 par le Pr\u00e9sident du GICAM : \u00ab l\u2019accompagnement du Gouvernement, la responsabilit\u00e9 des Entreprises et la compr\u00e9hension des consommateurs \u00bb, ceci permettra d\u2019assurer la p\u00e9rennit\u00e9 des Entreprises, de pr\u00e9server le pouvoir d\u2019achat et le climat social.<\/div>\n<div><\/div>\n<\/div>\n<\/div>\n<div>\n<div dir=\"ltr\" style=\"text-align: justify;\"><\/div>\n<\/div>\n<p>Cet article <a rel=\"nofollow\" href=\"https:\/\/www.journalducameroun.com\/relance-post-covid-19-le-gicam-plaide-pour-une-reallocation-des-appuis-aux-secteurs-strategiques\/\">Relance post Covid-19: le Gicam plaide pour une r\u00e9allocation des appuis aux secteurs strat\u00e9giques<\/a> est apparu en premier sur <a rel=\"nofollow\" href=\"https:\/\/www.journalducameroun.com\/\">Journal du Cameroun<\/a>.<\/p>\n<\/div>\n<p>Auteur: Christian DJIMADEU<br \/>\n<a href=\"https:\/\/www.journalducameroun.com\/relance-post-covid-19-le-gicam-plaide-pour-une-reallocation-des-appuis-aux-secteurs-strategiques\/\">Cliquez ici pour lire l&rsquo;article depuis sa source.<\/a><\/p>\n","protected":false},"excerpt":{"rendered":"<p>Le ministre du Commerce Luc Magloire MBARGA ATANGANA, a \u00e9t\u00e9 re\u00e7u au si\u00e8ge du Groupement Inter-patronal du Cameroun (GICAM) le 1er Octobre. La rencontre intervenait dans un contexte de crise post COVID-19, caract\u00e9ris\u00e9e par la flamb\u00e9e historique des prix des mati\u00e8res premi\u00e8res et du co\u00fbt du fret maritime ; sujet au centre des \u00e9changes avec [&hellip;]<\/p>\n","protected":false},"author":1965,"featured_media":0,"comment_status":"closed","ping_status":"closed","sticky":false,"template":"","format":"standard","meta":{"fifu_image_url":"https:\/\/www.journalducameroun.com\/wp-content\/uploads\/2021\/10\/mincommerce-web_1000x500_20211001180838.jpg","fifu_image_alt":"Relance post Covid-19: le Gicam plaide pour une r\u00e9allocation des appuis aux secteurs strat\u00e9giques","footnotes":""},"categories":[73,82],"tags":[],"class_list":["post-129024","post","type-post","status-publish","format-standard","hentry","category-actualite","category-cameroun"],"_links":{"self":[{"href":"https:\/\/linitiative.ca\/International\/wp-json\/wp\/v2\/posts\/129024","targetHints":{"allow":["GET"]}}],"collection":[{"href":"https:\/\/linitiative.ca\/International\/wp-json\/wp\/v2\/posts"}],"about":[{"href":"https:\/\/linitiative.ca\/International\/wp-json\/wp\/v2\/types\/post"}],"author":[{"embeddable":true,"href":"https:\/\/linitiative.ca\/International\/wp-json\/wp\/v2\/users\/1965"}],"replies":[{"embeddable":true,"href":"https:\/\/linitiative.ca\/International\/wp-json\/wp\/v2\/comments?post=129024"}],"version-history":[{"count":0,"href":"https:\/\/linitiative.ca\/International\/wp-json\/wp\/v2\/posts\/129024\/revisions"}],"wp:attachment":[{"href":"https:\/\/linitiative.ca\/International\/wp-json\/wp\/v2\/media?parent=129024"}],"wp:term":[{"taxonomy":"category","embeddable":true,"href":"https:\/\/linitiative.ca\/International\/wp-json\/wp\/v2\/categories?post=129024"},{"taxonomy":"post_tag","embeddable":true,"href":"https:\/\/linitiative.ca\/International\/wp-json\/wp\/v2\/tags?post=129024"}],"curies":[{"name":"wp","href":"https:\/\/api.w.org\/{rel}","templated":true}]}}